{"id":142193,"date":"2024-12-03T10:02:27","date_gmt":"2024-12-03T13:02:27","guid":{"rendered":"https:\/\/vinasfm.com\/noticias\/?p=142193"},"modified":"2024-12-04T08:35:22","modified_gmt":"2024-12-04T11:35:22","slug":"alvear-oeste-celebra-sus-112-anos-de-historia","status":"publish","type":"post","link":"https:\/\/vinasfm.com\/noticias\/alvear-oeste-celebra-sus-112-anos-de-historia\/","title":{"rendered":"ALVEAR OESTE CELEBR\u00d3 SUS 112 A\u00d1OS DE HISTORIA"},"content":{"rendered":"<h4><span style=\"color: #000000;\">En la ma\u00f1ana de este martes se llev\u00f3 a cabo el Acto Protocolar en la Plaza Manuel Belgrano. Los festejos continuar\u00e1n durante el fin de semana con el 18\u00b0 Festival de la Empanada.<\/span><\/h4>\n<p><span style=\"color: #000000;\"><strong>El 3 de diciembre de 1912 fue inaugurada la Estaci\u00f3n de Alvear Oeste y la misma fecha fue tomada para celebrar el aniversario del distrito.<\/strong> El Ferrocarril Oeste de Buenos Aires, fue inaugurado en la ciudad de Buenos Aires el 29 de agosto de 1857, fue el primero construido en territorio argentino y el iniciador de la extensa red ferroviaria que se expandi\u00f3 en los a\u00f1os siguientes.<\/span><\/p>\n<p><span style=\"color: #000000;\">En 1907 llega el primer tren al departamento, era una locomotora con un par de vagones, la que oficiaba de transporte de materiales para la obra de construcci\u00f3n de la v\u00eda f\u00e9rrea que llega a la estaci\u00f3n de Colonia Alvear Oeste (Pueblo Luna).<\/span><\/p>\n<p><span style=\"color: #000000;\">En motivo de celebraci\u00f3n, la <em>delgada distrital<\/em> <span style=\"color: #003366;\"><strong>Jimena Garc\u00eda<\/strong><\/span> encabez\u00f3 el Acto Protocolar. <em><strong>\u201cHoy celebramos 112 a\u00f1os de historia, trabajo y sue\u00f1os compartidos. Este aniversario nos hace mirar hacia atr\u00e1s con orgullo\u201d<\/strong><\/em>, expres\u00f3 frente a las instituciones y autoridades presentes. <em><strong>\u201c<\/strong><\/em><em><strong>Alvear Oeste es m\u00e1s que un lugar en el mapa, es una comunidad con identidad propia. Cada rinc\u00f3n cuenta una historia de superaci\u00f3n, del trabajo de la tierra y de sue\u00f1os que se construyen d\u00eda a d\u00eda\u201d<\/strong><\/em>, enfatiz\u00f3.<\/span><\/p>\n<p><a href=\"https:\/\/vinasfm.com\/noticias\/wp-content\/uploads\/2024\/12\/IMG-20241203-WA0020.jpg\"><img loading=\"lazy\" decoding=\"async\" class=\"alignnone wp-image-142194\" src=\"https:\/\/vinasfm.com\/noticias\/wp-content\/uploads\/2024\/12\/IMG-20241203-WA0020-1024x576.jpg\" alt=\"\" width=\"500\" height=\"281\" srcset=\"https:\/\/vinasfm.com\/noticias\/wp-content\/uploads\/2024\/12\/IMG-20241203-WA0020-1024x576.jpg 1024w, https:\/\/vinasfm.com\/noticias\/wp-content\/uploads\/2024\/12\/IMG-20241203-WA0020-300x169.jpg 300w, https:\/\/vinasfm.com\/noticias\/wp-content\/uploads\/2024\/12\/IMG-20241203-WA0020-768x432.jpg 768w, https:\/\/vinasfm.com\/noticias\/wp-content\/uploads\/2024\/12\/IMG-20241203-WA0020-750x420.jpg 750w, https:\/\/vinasfm.com\/noticias\/wp-content\/uploads\/2024\/12\/IMG-20241203-WA0020-1140x641.jpg 1140w, https:\/\/vinasfm.com\/noticias\/wp-content\/uploads\/2024\/12\/IMG-20241203-WA0020.jpg 1280w\" sizes=\"auto, (max-width: 500px) 100vw, 500px\" \/><\/a><\/p>\n<h2><span style=\"color: #000000;\">Un distrito en crecimiento<\/span><\/h2>\n<p><span style=\"color: #000000;\">Posteriormente, en nota exclusiva con <span style=\"color: #800080;\"><strong>FM VI\u00d1AS<\/strong><\/span>, Garc\u00eda se mostr\u00f3 emocionada destacando que <em><strong>\u201cAlvear Oeste siempre fue un distrito muy lindo, pero hoy se encuentra m\u00e1s limpio, iluminado y sobre todo mucho m\u00e1s seguro. Sabemos que\u00a0 nos queda mucho por lo que trabaja pero consideramos que hemos hecho un buen trabajo hasta el momento\u201d.<\/strong><\/em> As\u00ed mismo, la delegada distrital manifest\u00f3 que <em><strong>\u201cse vienen grandes obras que beneficiar\u00e1n al distrito como lo es la Senda Saludable sobre el lateral Suroeste de la Diagonal Carlos Pellegrini y el <span style=\"color: #000000;\">Parque de Ni\u00f1os proyectado para finales de la Gesti\u00f3n\u201d.<\/span><\/strong><\/em><\/span><\/p>\n<p><span style=\"color: #000000;\"><em><strong>\u201cHoy tambi\u00e9n reconocemos a vecinos que han marcado la historia del distrito. Venimos a un Alvear Oeste renovado, con espacios recuperados que muestran una ciudad m\u00e1s linda y organizada\u201d<\/strong><\/em>, expres\u00f3 el <span style=\"color: #003366;\"><strong>Sr. Intendente Alejandro Molero<\/strong><\/span>. Adem\u00e1s, el Jefe Comunal destac\u00f3 que el Municipio se encuentra pr\u00f3ximo al llamado a Licitaci\u00f3n para el Parque de los Ni\u00f1os que se situar\u00e1 en el Parque Pueblo Luna, tambi\u00e9n se espera adquirir pr\u00f3ximamente el terreno para hacer la estaci\u00f3n de rebombeo y continuar con la red troncal de cloacas. <strong><em>\u201cTenemos obras de infraestructura muy importantes, trabajando por y para los vecinos\u201d<\/em><\/strong>, sostuvo Molero.<\/span><\/p>\n","protected":false},"excerpt":{"rendered":"<p>En la ma\u00f1ana de este martes se llev\u00f3 a cabo el Acto Protocolar en la Plaza Manuel Belgrano. Los festejos continuar\u00e1n &#8230;<\/p>\n","protected":false},"author":7,"featured_media":142195,"comment_status":"open","ping_status":"open","sticky":false,"template":"","format":"standard","meta":{"footnotes":""},"categories":[78,11],"tags":[],"class_list":["post-142193","post","type-post","status-publish","format-standard","has-post-thumbnail","hentry","category-municipalidad","category-sociales"],"_links":{"self":[{"href":"https:\/\/vinasfm.com\/noticias\/wp-json\/wp\/v2\/posts\/142193","targetHints":{"allow":["GET"]}}],"collection":[{"href":"https:\/\/vinasfm.com\/noticias\/wp-json\/wp\/v2\/posts"}],"about":[{"href":"https:\/\/vinasfm.com\/noticias\/wp-json\/wp\/v2\/types\/post"}],"author":[{"embeddable":true,"href":"https:\/\/vinasfm.com\/noticias\/wp-json\/wp\/v2\/users\/7"}],"replies":[{"embeddable":true,"href":"https:\/\/vinasfm.com\/noticias\/wp-json\/wp\/v2\/comments?post=142193"}],"version-history":[{"count":2,"href":"https:\/\/vinasfm.com\/noticias\/wp-json\/wp\/v2\/posts\/142193\/revisions"}],"predecessor-version":[{"id":142231,"href":"https:\/\/vinasfm.com\/noticias\/wp-json\/wp\/v2\/posts\/142193\/revisions\/142231"}],"wp:featuredmedia":[{"embeddable":true,"href":"https:\/\/vinasfm.com\/noticias\/wp-json\/wp\/v2\/media\/142195"}],"wp:attachment":[{"href":"https:\/\/vinasfm.com\/noticias\/wp-json\/wp\/v2\/media?parent=142193"}],"wp:term":[{"taxonomy":"category","embeddable":true,"href":"https:\/\/vinasfm.com\/noticias\/wp-json\/wp\/v2\/categories?post=142193"},{"taxonomy":"post_tag","embeddable":true,"href":"https:\/\/vinasfm.com\/noticias\/wp-json\/wp\/v2\/tags?post=142193"}],"curies":[{"name":"wp","href":"https:\/\/api.w.org\/{rel}","templated":true}]}}