{"id":142125,"date":"2024-12-02T08:14:16","date_gmt":"2024-12-02T11:14:16","guid":{"rendered":"https:\/\/vinasfm.com\/noticias\/?p=142125"},"modified":"2024-12-03T09:07:57","modified_gmt":"2024-12-03T12:07:57","slug":"ciclo-lectivo-2025-las-clases-comenzaran-el-lunes-24-de-febrero","status":"publish","type":"post","link":"https:\/\/vinasfm.com\/noticias\/ciclo-lectivo-2025-las-clases-comenzaran-el-lunes-24-de-febrero\/","title":{"rendered":"CICLO LECTIVO 2025: LAS CLASES COMENZAR\u00c1N EL LUNES 24 DE FEBRERO"},"content":{"rendered":"<h4><span style=\"color: #000000;\">El receso invernal ser\u00e1 del 7 al 20 de julio. La finalizaci\u00f3n de las clases ser\u00e1 el 19 de diciembre. En Educaci\u00f3n Superior, el cursado se iniciar\u00e1 en la semana del 17 al 21 de marzo.<\/span><\/h4>\n<p><span style=\"color: #000000;\">La <strong>Direcci\u00f3n General de Escuelas<\/strong> <em>(DGE)<\/em> estableci\u00f3 para el <strong>lunes 24 de febrero de 2025 el inicio del ciclo lectivo para todos los niveles y modalidades, garantizando como m\u00ednimo los 190 d\u00edas de clases que se establecieron por resoluci\u00f3n del Consejo Federal de Educaci\u00f3n.<\/strong> Cabe destacar que el calendario escolar es una herramienta de planeamiento y orientaci\u00f3n del trabajo anual que tiene por objetivo regular el buen funcionamiento de las escuelas que conforman el sistema educativo provincial.<\/span><\/p>\n<p><span style=\"color: #000000;\"><strong>La apertura de las instituciones educativas se realizar\u00e1 el jueves 6 de febrero, cuando se presentar\u00e1n los equipos directivos de todos los niveles y modalidades, incluido el Nivel Superior.<\/strong> En esta misma fecha se desarrollar\u00e1n las jornadas institucionales destinadas a los supervisores.<strong> El viernes 7 de febrero se presentar\u00e1n formalmente todos los directores en cada una de las escuelas y los docentes se presentar\u00e1n el lunes 10 de febrero<\/strong>, teniendo en cuenta que el lunes 10 y martes 11 de febrero se desarrollar\u00e1n las jornadas institucionales.<\/span><\/p>\n<p><span style=\"color: #000000;\">Es importante comunicar que<strong> el lunes 3 de febrero se realizar\u00e1 el acto de presentaci\u00f3n de los lineamientos pol\u00edticos pedag\u00f3gicos encabezado por el ministro de Educaci\u00f3n, Cultura, Infancias y DGE, <span style=\"color: #003366;\">Tadeo Garc\u00eda Zalazar<\/span><\/strong>, y todo el equipo educativo conformado por la Direcci\u00f3n General de Escuelas.<\/span><\/p>\n<p><span style=\"color: #000000;\">El mi\u00e9rcoles 12 de febrero comenzar\u00e1 el per\u00edodo de recuperaci\u00f3n de saberes y fortalecimiento de las trayectorias escolares para los estudiantes de nivel primario, secundario y Educaci\u00f3n Especial.<strong> En tanto que el cursado en los Institutos de Educaci\u00f3n Superior (IES) est\u00e1 programado para la semana del 17 al 21 de marzo.<\/strong><\/span><\/p>\n<h2><span style=\"color: #000000;\"><strong>Otras fechas importantes del calendario escolar 2025<\/strong><\/span><\/h2>\n<ul>\n<li><span style=\"color: #000000;\">Del 7 al 20 de julio de 2025 se estableci\u00f3 el receso invernal. Las clases finalizar\u00e1n el 19 de diciembre para todos los estudiantes del sistema educativo.<\/span><\/li>\n<li><span style=\"color: #000000;\">El 22 de diciembre se desarrollar\u00e1n las segundas jornadas institucionales destinadas a docentes de todos los niveles y modalidades, siendo esta la fecha de finalizaci\u00f3n de las actividades docentes.<\/span><\/li>\n<li><span style=\"color: #000000;\">El 23 de diciembre finalizar\u00e1n las actividades de los directores y supervisores y el 26 de diciembre terminan las actividades acad\u00e9micas en el Nivel Superior.<\/span><\/li>\n<\/ul>\n","protected":false},"excerpt":{"rendered":"<p>El receso invernal ser\u00e1 del 7 al 20 de julio. La finalizaci\u00f3n de las clases ser\u00e1 el 19 de diciembre. En &#8230;<\/p>\n","protected":false},"author":7,"featured_media":142129,"comment_status":"open","ping_status":"open","sticky":false,"template":"","format":"standard","meta":{"footnotes":""},"categories":[10,18],"tags":[],"class_list":["post-142125","post","type-post","status-publish","format-standard","has-post-thumbnail","hentry","category-destacadas","category-educacion"],"_links":{"self":[{"href":"https:\/\/vinasfm.com\/noticias\/wp-json\/wp\/v2\/posts\/142125","targetHints":{"allow":["GET"]}}],"collection":[{"href":"https:\/\/vinasfm.com\/noticias\/wp-json\/wp\/v2\/posts"}],"about":[{"href":"https:\/\/vinasfm.com\/noticias\/wp-json\/wp\/v2\/types\/post"}],"author":[{"embeddable":true,"href":"https:\/\/vinasfm.com\/noticias\/wp-json\/wp\/v2\/users\/7"}],"replies":[{"embeddable":true,"href":"https:\/\/vinasfm.com\/noticias\/wp-json\/wp\/v2\/comments?post=142125"}],"version-history":[{"count":1,"href":"https:\/\/vinasfm.com\/noticias\/wp-json\/wp\/v2\/posts\/142125\/revisions"}],"predecessor-version":[{"id":142130,"href":"https:\/\/vinasfm.com\/noticias\/wp-json\/wp\/v2\/posts\/142125\/revisions\/142130"}],"wp:featuredmedia":[{"embeddable":true,"href":"https:\/\/vinasfm.com\/noticias\/wp-json\/wp\/v2\/media\/142129"}],"wp:attachment":[{"href":"https:\/\/vinasfm.com\/noticias\/wp-json\/wp\/v2\/media?parent=142125"}],"wp:term":[{"taxonomy":"category","embeddable":true,"href":"https:\/\/vinasfm.com\/noticias\/wp-json\/wp\/v2\/categories?post=142125"},{"taxonomy":"post_tag","embeddable":true,"href":"https:\/\/vinasfm.com\/noticias\/wp-json\/wp\/v2\/tags?post=142125"}],"curies":[{"name":"wp","href":"https:\/\/api.w.org\/{rel}","templated":true}]}}