{"id":142122,"date":"2024-12-01T14:22:58","date_gmt":"2024-12-01T17:22:58","guid":{"rendered":"https:\/\/vinasfm.com\/noticias\/?p=142122"},"modified":"2024-12-03T09:08:12","modified_gmt":"2024-12-03T12:08:12","slug":"tres-vehiculos-chocaron-en-el-ingreso-norte-a-general-alvear-sobre-ruta-143","status":"publish","type":"post","link":"https:\/\/vinasfm.com\/noticias\/tres-vehiculos-chocaron-en-el-ingreso-norte-a-general-alvear-sobre-ruta-143\/","title":{"rendered":"TRES VEH\u00cdCULOS CHOCARON EN EL INGRESO NORTE A GENERAL ALVEAR, SOBRE RUTA 143"},"content":{"rendered":"<h4>El hecho se registr\u00f3 en la madrugada del domingo, promediando las 06:00 horas, en inmediaciones de Ruta 143, entre calle Lorca y calle G. Producto del accidente dos menores resultaron lesionados.<\/h4>\n<p>El siniestro ocurri\u00f3 cuando el veh\u00edculo <strong>Chevrolet Cruze que circulaba por Ruta 143 de norte a sur<\/strong>, <em>el cual era conducido por una mujer de 38 a\u00f1os identificada como A. S., acompa\u00f1ada por un ciudadano identificado como J. C. K (37) y dos menores de edad de 13 y 9 a\u00f1os;<\/em> <strong>se cruz\u00f3 de carril por razones que se investigan, impactando a una camioneta Toyota Hilux<\/strong> conducida por O.M. (47), quien iba acompa\u00f1ado por M. N (46) Y G. B. (47); <strong>que circulaba en sentido contrario transportando una lancha. Este veh\u00edculo, a su vez, fue chocado por otra camioneta marva Toyota<\/strong>, conducida por F.S (48), acompa\u00f1ado por S.J. (48) Y O. Z. (47), que transitaba en el mismo sentido.<\/p>\n<p>Resultaron <strong>lesionados los menores que circulaban en el Chevrolet Cruze y fueron trasladados al Hospital Enfermeros Argentinos donde los diagnosticaron con politraumatismos varios, quedando en observaci\u00f3n.<\/strong><\/p>\n<p>A las 11:23 horas, <strong>el menor de 9 a\u00f1os fue trasladado al Hospital Schestakow para mayor atenci\u00f3n con diagn\u00f3stico de neumoperitoneo, mientras que su hermano de 13 a\u00f1os fue dado de alta. Horas m\u00e1s tarde se inform\u00f3 que todos los menores se encontraban fuera de peligro.\u00a0<\/strong><\/p>\n","protected":false},"excerpt":{"rendered":"<p>El hecho se registr\u00f3 en la madrugada del domingo, promediando las 06:00 horas, en inmediaciones de Ruta 143, entre calle Lorca &#8230;<\/p>\n","protected":false},"author":7,"featured_media":142123,"comment_status":"open","ping_status":"open","sticky":false,"template":"","format":"standard","meta":{"footnotes":""},"categories":[10,4,184],"tags":[],"class_list":["post-142122","post","type-post","status-publish","format-standard","has-post-thumbnail","hentry","category-destacadas","category-policiales","category-siniestro-vial"],"_links":{"self":[{"href":"https:\/\/vinasfm.com\/noticias\/wp-json\/wp\/v2\/posts\/142122","targetHints":{"allow":["GET"]}}],"collection":[{"href":"https:\/\/vinasfm.com\/noticias\/wp-json\/wp\/v2\/posts"}],"about":[{"href":"https:\/\/vinasfm.com\/noticias\/wp-json\/wp\/v2\/types\/post"}],"author":[{"embeddable":true,"href":"https:\/\/vinasfm.com\/noticias\/wp-json\/wp\/v2\/users\/7"}],"replies":[{"embeddable":true,"href":"https:\/\/vinasfm.com\/noticias\/wp-json\/wp\/v2\/comments?post=142122"}],"version-history":[{"count":3,"href":"https:\/\/vinasfm.com\/noticias\/wp-json\/wp\/v2\/posts\/142122\/revisions"}],"predecessor-version":[{"id":142142,"href":"https:\/\/vinasfm.com\/noticias\/wp-json\/wp\/v2\/posts\/142122\/revisions\/142142"}],"wp:featuredmedia":[{"embeddable":true,"href":"https:\/\/vinasfm.com\/noticias\/wp-json\/wp\/v2\/media\/142123"}],"wp:attachment":[{"href":"https:\/\/vinasfm.com\/noticias\/wp-json\/wp\/v2\/media?parent=142122"}],"wp:term":[{"taxonomy":"category","embeddable":true,"href":"https:\/\/vinasfm.com\/noticias\/wp-json\/wp\/v2\/categories?post=142122"},{"taxonomy":"post_tag","embeddable":true,"href":"https:\/\/vinasfm.com\/noticias\/wp-json\/wp\/v2\/tags?post=142122"}],"curies":[{"name":"wp","href":"https:\/\/api.w.org\/{rel}","templated":true}]}}