{"id":142102,"date":"2024-11-29T18:53:32","date_gmt":"2024-11-29T21:53:32","guid":{"rendered":"https:\/\/vinasfm.com\/noticias\/?p=142102"},"modified":"2024-12-02T09:04:12","modified_gmt":"2024-12-02T12:04:12","slug":"un-sujeto-fue-detenido-por-transportar-982-gramos-de-cocaina","status":"publish","type":"post","link":"https:\/\/vinasfm.com\/noticias\/un-sujeto-fue-detenido-por-transportar-982-gramos-de-cocaina\/","title":{"rendered":"UN SUJETO FUE DETENIDO POR TRANSPORTAR 982 GRAMOS DE COCA\u00cdNA"},"content":{"rendered":"<h4>En la jornada del jueves, alrededor de las 19:30 horas, se detuvo a un sujeto que transportaba un paquete compactado de clorhidrato de coca\u00edna, que arroj\u00f3 un peso de 982 gramos.<\/h4>\n<p>El hecho ocurri\u00f3 cuando efectivos de la <strong>Divisi\u00f3n de Lucha Contra el Narcotr\u00e1fico de la Zona Sur<\/strong> realizaba maniobras operativas en <strong>Ruta 153 y Ruta 146 del distrito de Monte Com\u00e1n<\/strong>.<\/p>\n<p>Los polic\u00edas procedieron a detener la marcha de un taxi e identificar al pasajero. <strong>Fue en ese momento cuando entraron en acci\u00f3n los canes Aquiles y Anah\u00ed, quienes r\u00e1pidamente detectaron un bolso en cuyo interior hab\u00eda un paquete que luego se determin\u00f3 que se trataba de coca\u00edna.<\/strong><\/p>\n<p><a href=\"https:\/\/vinasfm.com\/noticias\/wp-content\/uploads\/2024\/11\/IMG-20241129-WA0071.jpg\"><img loading=\"lazy\" decoding=\"async\" class=\"alignnone size-medium wp-image-142103\" src=\"https:\/\/vinasfm.com\/noticias\/wp-content\/uploads\/2024\/11\/IMG-20241129-WA0071-300x139.jpg\" alt=\"\" width=\"300\" height=\"139\" srcset=\"https:\/\/vinasfm.com\/noticias\/wp-content\/uploads\/2024\/11\/IMG-20241129-WA0071-300x139.jpg 300w, https:\/\/vinasfm.com\/noticias\/wp-content\/uploads\/2024\/11\/IMG-20241129-WA0071-1024x473.jpg 1024w, https:\/\/vinasfm.com\/noticias\/wp-content\/uploads\/2024\/11\/IMG-20241129-WA0071-768x355.jpg 768w, https:\/\/vinasfm.com\/noticias\/wp-content\/uploads\/2024\/11\/IMG-20241129-WA0071.jpg 1280w\" sizes=\"auto, (max-width: 300px) 100vw, 300px\" \/><\/a><\/p>\n<p><strong>El sujeto, de 33 a\u00f1os e identificado como Sepulbeda. J., es oriundo de Real del Padre y ven\u00eda desde la Ciudad de Mendoza<\/strong>, quedando detenido incomunicado a disposici\u00f3n de la Fiscalia Federal de San Rafael.<\/p>\n<p>Luego se <strong>llev\u00f3 a cabo un allanamiento en el domicilio del detenido, procediendo al secuestro otros elementos de inter\u00e9s para la causa.<\/strong><\/p>\n<p><a href=\"https:\/\/vinasfm.com\/noticias\/wp-content\/uploads\/2024\/11\/IMG-20241129-WA0074.jpg\"><img loading=\"lazy\" decoding=\"async\" class=\"alignnone size-medium wp-image-142104\" src=\"https:\/\/vinasfm.com\/noticias\/wp-content\/uploads\/2024\/11\/IMG-20241129-WA0074-138x300.jpg\" alt=\"\" width=\"138\" height=\"300\" srcset=\"https:\/\/vinasfm.com\/noticias\/wp-content\/uploads\/2024\/11\/IMG-20241129-WA0074-138x300.jpg 138w, https:\/\/vinasfm.com\/noticias\/wp-content\/uploads\/2024\/11\/IMG-20241129-WA0074-472x1024.jpg 472w, https:\/\/vinasfm.com\/noticias\/wp-content\/uploads\/2024\/11\/IMG-20241129-WA0074-708x1536.jpg 708w, https:\/\/vinasfm.com\/noticias\/wp-content\/uploads\/2024\/11\/IMG-20241129-WA0074.jpg 738w\" sizes=\"auto, (max-width: 138px) 100vw, 138px\" \/><\/a><\/p>\n","protected":false},"excerpt":{"rendered":"<p>En la jornada del jueves, alrededor de las 19:30 horas, se detuvo a un sujeto que transportaba un paquete compactado de &#8230;<\/p>\n","protected":false},"author":7,"featured_media":142105,"comment_status":"open","ping_status":"open","sticky":false,"template":"","format":"standard","meta":{"footnotes":""},"categories":[70,4],"tags":[],"class_list":["post-142102","post","type-post","status-publish","format-standard","has-post-thumbnail","hentry","category-insolito","category-policiales"],"_links":{"self":[{"href":"https:\/\/vinasfm.com\/noticias\/wp-json\/wp\/v2\/posts\/142102","targetHints":{"allow":["GET"]}}],"collection":[{"href":"https:\/\/vinasfm.com\/noticias\/wp-json\/wp\/v2\/posts"}],"about":[{"href":"https:\/\/vinasfm.com\/noticias\/wp-json\/wp\/v2\/types\/post"}],"author":[{"embeddable":true,"href":"https:\/\/vinasfm.com\/noticias\/wp-json\/wp\/v2\/users\/7"}],"replies":[{"embeddable":true,"href":"https:\/\/vinasfm.com\/noticias\/wp-json\/wp\/v2\/comments?post=142102"}],"version-history":[{"count":3,"href":"https:\/\/vinasfm.com\/noticias\/wp-json\/wp\/v2\/posts\/142102\/revisions"}],"predecessor-version":[{"id":142121,"href":"https:\/\/vinasfm.com\/noticias\/wp-json\/wp\/v2\/posts\/142102\/revisions\/142121"}],"wp:featuredmedia":[{"embeddable":true,"href":"https:\/\/vinasfm.com\/noticias\/wp-json\/wp\/v2\/media\/142105"}],"wp:attachment":[{"href":"https:\/\/vinasfm.com\/noticias\/wp-json\/wp\/v2\/media?parent=142102"}],"wp:term":[{"taxonomy":"category","embeddable":true,"href":"https:\/\/vinasfm.com\/noticias\/wp-json\/wp\/v2\/categories?post=142102"},{"taxonomy":"post_tag","embeddable":true,"href":"https:\/\/vinasfm.com\/noticias\/wp-json\/wp\/v2\/tags?post=142102"}],"curies":[{"name":"wp","href":"https:\/\/api.w.org\/{rel}","templated":true}]}}