{"id":142055,"date":"2024-11-28T10:50:37","date_gmt":"2024-11-28T13:50:37","guid":{"rendered":"https:\/\/vinasfm.com\/noticias\/?p=142055"},"modified":"2024-11-29T09:52:12","modified_gmt":"2024-11-29T12:52:12","slug":"mendoza-invertira-en-caminos-y-lineas-electricas-para-el-desarrollo-minero","status":"publish","type":"post","link":"https:\/\/vinasfm.com\/noticias\/mendoza-invertira-en-caminos-y-lineas-electricas-para-el-desarrollo-minero\/","title":{"rendered":"MENDOZA INVERTIR\u00c1 EN CAMINOS Y L\u00cdNEAS EL\u00c9CTRICAS PARA EL DESARROLLO MINERO"},"content":{"rendered":"<h4>Fernando Ciacera, director Nacional de Cadena de valor e Infraestructura Minera, y Marit\u00e9 Badui, subsecretaria de Infraestructura y Desarrollo Territorial de Mendoza; disertaron en un panel moderado por el subsecretario de Energ\u00eda y Miner\u00eda, Manuel Sanchez Bandini. Adelantaron el plan de rutas, caminos y l\u00edneas el\u00e9ctricas para el desarrollo de la industria.<\/h4>\n<p>La infraestructura es esencial en la industria minera, ya que garantiza el acceso a yacimientos, facilita el transporte de minerales y asegura el abastecimiento de energ\u00eda. Sobre este tema gir\u00f3 el panel sobre Infraestructura y Miner\u00eda en la Primera Cumbre de Miner\u00eda Sostenible en Mendoza.<\/p>\n<p>Fernando Ciacera, director Nacional de Cadena de valor e Infraestructura Minera, y Marit\u00e9 Badui, subsecretaria de Infraestructura y Desarrollo Territorial de Mendoza, disertaron en este panel moderado por el subsecretario de Energ\u00eda y Miner\u00eda, Manuel Sanchez Bandini.<\/p>\n<p>Adelantaron el plan de rutas, caminos y l\u00edneas el\u00e9ctricas para el desarrollo de la industria. <em><strong>\u201cSe habl\u00f3 de los aportes que puede hacer Naci\u00f3n al desarrollo de la infraestructura minera de la regi\u00f3n y de c\u00f3mo armonizar esa infraestructura para un desarrollo integral de la regi\u00f3n\u201d<\/strong><\/em>, explic\u00f3 S\u00e1nchez Bandini.<\/p>\n<p>Badu\u00ed indic\u00f3 que, tras una serie de estudios exhaustivos, el mayor \u00e9nfasis de inversi\u00f3n p\u00fablica en materia de infraestructura a la que apuntar\u00e1 la Provincia estar\u00e1 puesta en la reparaci\u00f3n y apertura de rutas y en la construcci\u00f3n de l\u00edneas el\u00e9ctricas, a fin de sostener el desarrollo minero en Mendoza.<\/p>\n<p>Durante su ponencia, la funcionaria anunci\u00f3 que para Malarg\u00fce Distrito Minero Occidental se invertir\u00e1 en 500 kil\u00f3metros de ruta que se dividen en 375 km de mantenimiento de rutas existentes y el resto es apertura de nuevas rutas.<\/p>\n<p>Adem\u00e1s, adelant\u00f3 que se est\u00e1 trabajando para que el 1 de diciembre se inicie la comisi\u00f3n que unir\u00e1 las rutas 222 y 226 sobre las cuales hay proyectos de desarrollo minero y que adem\u00e1s redundar\u00e1 en un beneficio tur\u00edstico <em><strong>important\u00edsimo que es la ruta de los siete valles.<\/strong><\/em><\/p>\n<p><em><strong>\u201cQuiero destacar que la Provincia ha hecho un gran trabajo con el Plan Pilares y, por lo tanto, a nosotros en materia de infraestructura, el tener un cap\u00edtulo espec\u00edfico, nos da un GPS de acci\u00f3n y un claro objetivo. En este sentido nuestro mayor \u00e9nfasis va a estar en infraestructura de caminos y de l\u00edneas el\u00e9ctricas (que algunas anunci\u00f3 el gobernador en la ma\u00f1ana)\u201d<\/strong><\/em>, sostuvo la funcionaria.<\/p>\n<p>La funcionaria destac\u00f3 que en materia de caminos se han hecho intervenciones en el Sur de la provincia, espec\u00edficamente en la ruta 189. <em><strong>\u201cMientras dentro del propio Estado buscamos esquemas asociativos, tambi\u00e9n estamos destinando recursos al parque de m\u00e1quinas, afectado espec\u00edficamente a esa ruta, que hace adem\u00e1s al desarrollo de Potasio R\u00edo Colorado\u201d<\/strong><\/em>, detall\u00f3.<\/p>\n<p>Tambi\u00e9n subray\u00f3 que para los proyectos de producci\u00f3n la l\u00ednea El Cortaderal \u2013 Potasio R\u00edo Colorado se ha estimado una inversi\u00f3n inicial de US$120millones para 105 km de tendido el\u00e9ctrico que llega inclusive hasta Vaca Muerta con la ampliaci\u00f3n de otro tramo de 35 km.<\/p>\n<p>Respecto a las obras de l\u00edneas el\u00e9ctricas, record\u00f3 que con los fondos del resarcimiento por los da\u00f1os de la promoci\u00f3n industrial se han anunciado cuatro l\u00edneas el\u00e9ctricas con una cobertura en toda la provincia, beneficiando a los oasis productivos a fin de mitigar los desequilibrios horizontales que se dan de desarrollo entre regiones.<\/p>\n<p>Por su parte, Ciacera subray\u00f3 el papel clave de la infraestructura en el crecimiento de la industria minera. Se\u00f1al\u00f3 que, desde la Naci\u00f3n, junto con otras \u00e1reas como la Direcci\u00f3n Nacional de ITI, se trabaja en identificar proyectos estrat\u00e9gicos de infraestructura necesarios para cada etapa del desarrollo minero.<\/p>\n<p>Ciacera ampli\u00f3 el concepto de infraestructura, incluyendo no solo obras f\u00edsicas, sino tambi\u00e9n la cadena de valor, el desarrollo de proveedores y la capacitaci\u00f3n del capital humano. Destac\u00f3 herramientas como el R\u00e9gimen de Incentivo a Grandes Inversiones (RIGI), que promueve inversiones privadas en miner\u00eda, tecnolog\u00eda, turismo, gas e infraestructura.<\/p>\n<p>Adem\u00e1s, resalt\u00f3 la Red Federal de Concesiones, con m\u00e1s de 9.000 km de rutas clave como la Ruta 9 y la Ruta 7, fundamentales para la log\u00edstica minera. Tambi\u00e9n mencion\u00f3 la relevancia del ferrocarril y las comunicaciones avanzadas, esenciales para proyectar minas m\u00e1s inteligentes y sostenibles.<\/p>\n","protected":false},"excerpt":{"rendered":"<p>Fernando Ciacera, director Nacional de Cadena de valor e Infraestructura Minera, y Marit\u00e9 Badui, subsecretaria de Infraestructura y Desarrollo Territorial de &#8230;<\/p>\n","protected":false},"author":7,"featured_media":142056,"comment_status":"open","ping_status":"open","sticky":false,"template":"","format":"standard","meta":{"footnotes":""},"categories":[5,10],"tags":[],"class_list":["post-142055","post","type-post","status-publish","format-standard","has-post-thumbnail","hentry","category-actualidad","category-destacadas"],"_links":{"self":[{"href":"https:\/\/vinasfm.com\/noticias\/wp-json\/wp\/v2\/posts\/142055","targetHints":{"allow":["GET"]}}],"collection":[{"href":"https:\/\/vinasfm.com\/noticias\/wp-json\/wp\/v2\/posts"}],"about":[{"href":"https:\/\/vinasfm.com\/noticias\/wp-json\/wp\/v2\/types\/post"}],"author":[{"embeddable":true,"href":"https:\/\/vinasfm.com\/noticias\/wp-json\/wp\/v2\/users\/7"}],"replies":[{"embeddable":true,"href":"https:\/\/vinasfm.com\/noticias\/wp-json\/wp\/v2\/comments?post=142055"}],"version-history":[{"count":1,"href":"https:\/\/vinasfm.com\/noticias\/wp-json\/wp\/v2\/posts\/142055\/revisions"}],"predecessor-version":[{"id":142057,"href":"https:\/\/vinasfm.com\/noticias\/wp-json\/wp\/v2\/posts\/142055\/revisions\/142057"}],"wp:featuredmedia":[{"embeddable":true,"href":"https:\/\/vinasfm.com\/noticias\/wp-json\/wp\/v2\/media\/142056"}],"wp:attachment":[{"href":"https:\/\/vinasfm.com\/noticias\/wp-json\/wp\/v2\/media?parent=142055"}],"wp:term":[{"taxonomy":"category","embeddable":true,"href":"https:\/\/vinasfm.com\/noticias\/wp-json\/wp\/v2\/categories?post=142055"},{"taxonomy":"post_tag","embeddable":true,"href":"https:\/\/vinasfm.com\/noticias\/wp-json\/wp\/v2\/tags?post=142055"}],"curies":[{"name":"wp","href":"https:\/\/api.w.org\/{rel}","templated":true}]}}