{"id":142049,"date":"2024-11-28T10:26:46","date_gmt":"2024-11-28T13:26:46","guid":{"rendered":"https:\/\/vinasfm.com\/noticias\/?p=142049"},"modified":"2024-11-29T09:20:26","modified_gmt":"2024-11-29T12:20:26","slug":"talleres-municipales-asi-fue-el-cierre-en-el-cic-del-barrio-soemga","status":"publish","type":"post","link":"https:\/\/vinasfm.com\/noticias\/talleres-municipales-asi-fue-el-cierre-en-el-cic-del-barrio-soemga\/","title":{"rendered":"TALLERES MUNICIPALES: AS\u00cd FUE EL CIERRE EN EL CIC DEL BARRIO SOEMGA"},"content":{"rendered":"<h4><strong>El mi\u00e9rcoles 27 de noviembre se llev\u00f3 a cabo el cierre de los talleres municipales en el Centro Integrador Comunitario (CIC) del barrio Soemga. La actividad, que marc\u00f3 el fin del ciclo 2024, fue un emotivo reconocimiento al trabajo y la dedicaci\u00f3n de los vecinos, docentes y coordinadores que participaron en los distintos programas a lo largo del a\u00f1o.<\/strong><\/h4>\n<p>El director de Educaci\u00f3n Jos\u00e9 Mor\u00e1n, expres\u00f3 su satisfacci\u00f3n por el impacto positivo que los talleres han tenido en la comunidad. <em><strong>\u201cEstamos muy contentos porque acompa\u00f1amos el cierre de talleres del CIC del Soemga, donde se hace un trabajo espectacular. Se ofrecen una gran cantidad de actividades, desde costura, peluquer\u00eda, dibujo, ornamentaci\u00f3n y panader\u00eda, hasta apoyo educativo en el CAE. Estas iniciativas no solo generan oportunidades de salida laboral, sino que tambi\u00e9n brindan contenci\u00f3n y fomentan el compa\u00f1erismo\u201d,<\/strong><\/em> destac\u00f3.<\/p>\n<p>Los talleres, que este a\u00f1o registraron un notable incremento en la participaci\u00f3n de vecinos, adem\u00e1s de formar habilidades t\u00e9cnicas, pretende potenciar el desarrollo personal y social de los asistentes. <em><strong>\u201cMuchos de ellos encuentran la posibilidad de emprender y crear su propia marca o negocio, lo que refuerza la autogesti\u00f3n y la independencia econ\u00f3mica\u201d<\/strong><\/em>, agreg\u00f3 el funcionario.<\/p>\n<p>Por su parte, Alicia Morales Coordinadora del CIC, resalt\u00f3 la diversidad de propuestas y el valor social de los talleres. <em><strong>\u201cHoy presentamos los productos realizados por alumnos y profesores. Entre las opciones destacadas est\u00e1n los talleres de marroquiner\u00eda, panader\u00eda, folclore, tango, arte reciclado, y un especial taller de juegos tradicionales, que busc\u00f3 desconectar a los ni\u00f1os de la tecnolog\u00eda y reconectarlos con las actividades manuales y grupales\u201d<\/strong><\/em>, explic\u00f3.<\/p>\n<p>Claudia, participante del taller de marroquiner\u00eda, comparti\u00f3 c\u00f3mo su experiencia en los talleres la ayud\u00f3 a superar un momento personal dif\u00edcil y a transformar una actividad manual en un proyecto propio.<em><strong> \u201cComenc\u00e9 el a\u00f1o pasado como una forma de desconectarme y termin\u00e9 lanzando mi marca, Vida y Gracia. Gracias a las t\u00e9cnicas aprendidas y al apoyo de mis compa\u00f1eras, ahora puedo vender mis productos. Para algunas de nosotras, este trabajo es una fuente de ingresos; para m\u00ed, adem\u00e1s, es un cable a tierra\u201d<\/strong><\/em>, relat\u00f3 emocionada.<\/p>\n<p>El evento cerr\u00f3 con muestras art\u00edsticas, radioteatros y bailes tradicionales, reflejo de la diversidad de edades y talentos que enriquecen los talleres, celebrando el aprendizaje alcanzado y el fortalecimiento de la comunidad, encontrando en estos espacios una oportunidad de crecimiento colectivo.<\/p>\n","protected":false},"excerpt":{"rendered":"<p>El mi\u00e9rcoles 27 de noviembre se llev\u00f3 a cabo el cierre de los talleres municipales en el Centro Integrador Comunitario (CIC) &#8230;<\/p>\n","protected":false},"author":7,"featured_media":142050,"comment_status":"open","ping_status":"open","sticky":false,"template":"","format":"standard","meta":{"footnotes":""},"categories":[18,11],"tags":[],"class_list":["post-142049","post","type-post","status-publish","format-standard","has-post-thumbnail","hentry","category-educacion","category-sociales"],"_links":{"self":[{"href":"https:\/\/vinasfm.com\/noticias\/wp-json\/wp\/v2\/posts\/142049","targetHints":{"allow":["GET"]}}],"collection":[{"href":"https:\/\/vinasfm.com\/noticias\/wp-json\/wp\/v2\/posts"}],"about":[{"href":"https:\/\/vinasfm.com\/noticias\/wp-json\/wp\/v2\/types\/post"}],"author":[{"embeddable":true,"href":"https:\/\/vinasfm.com\/noticias\/wp-json\/wp\/v2\/users\/7"}],"replies":[{"embeddable":true,"href":"https:\/\/vinasfm.com\/noticias\/wp-json\/wp\/v2\/comments?post=142049"}],"version-history":[{"count":1,"href":"https:\/\/vinasfm.com\/noticias\/wp-json\/wp\/v2\/posts\/142049\/revisions"}],"predecessor-version":[{"id":142052,"href":"https:\/\/vinasfm.com\/noticias\/wp-json\/wp\/v2\/posts\/142049\/revisions\/142052"}],"wp:featuredmedia":[{"embeddable":true,"href":"https:\/\/vinasfm.com\/noticias\/wp-json\/wp\/v2\/media\/142050"}],"wp:attachment":[{"href":"https:\/\/vinasfm.com\/noticias\/wp-json\/wp\/v2\/media?parent=142049"}],"wp:term":[{"taxonomy":"category","embeddable":true,"href":"https:\/\/vinasfm.com\/noticias\/wp-json\/wp\/v2\/categories?post=142049"},{"taxonomy":"post_tag","embeddable":true,"href":"https:\/\/vinasfm.com\/noticias\/wp-json\/wp\/v2\/tags?post=142049"}],"curies":[{"name":"wp","href":"https:\/\/api.w.org\/{rel}","templated":true}]}}