{"id":142038,"date":"2024-11-28T09:58:02","date_gmt":"2024-11-28T12:58:02","guid":{"rendered":"https:\/\/vinasfm.com\/noticias\/?p=142038"},"modified":"2024-11-29T10:15:10","modified_gmt":"2024-11-29T13:15:10","slug":"robaron-una-bicicleta-en-calle-alvear-oeste-al-750","status":"publish","type":"post","link":"https:\/\/vinasfm.com\/noticias\/robaron-una-bicicleta-en-calle-alvear-oeste-al-750\/","title":{"rendered":"ROBARON UNA BICICLETA EN CALLE ALVEAR OESTE AL 750"},"content":{"rendered":"<h4><strong>El mi\u00e9rcoles por la tarde, se produjo un hecho delictivo en la zona. La v\u00edctima fue identificada como F.P.<\/strong><\/h4>\n<p>La v\u00edctima hab\u00eda ingresado a trabajar en una helader\u00eda local por la tarde. Al llegar dej\u00f3 su bicicleta atada con candado en el bicicletero correspondiente.<\/p>\n<p>Sin embargo, al salir de su turno de trabajo pocas horas despu\u00e9s, constat\u00f3 que su bicicleta hab\u00eda sido sustra\u00edda por sujetos desconocidos. La v\u00edctima denunci\u00f3 el hecho a las autoridades correspondientes, quienes se encuentran investigando el incidente.<\/p>\n","protected":false},"excerpt":{"rendered":"<p>El mi\u00e9rcoles por la tarde, se produjo un hecho delictivo en la zona. La v\u00edctima fue identificada como F.P. La v\u00edctima &#8230;<\/p>\n","protected":false},"author":7,"featured_media":33023,"comment_status":"open","ping_status":"open","sticky":false,"template":"","format":"standard","meta":{"footnotes":""},"categories":[5,4],"tags":[],"class_list":["post-142038","post","type-post","status-publish","format-standard","has-post-thumbnail","hentry","category-actualidad","category-policiales"],"_links":{"self":[{"href":"https:\/\/vinasfm.com\/noticias\/wp-json\/wp\/v2\/posts\/142038","targetHints":{"allow":["GET"]}}],"collection":[{"href":"https:\/\/vinasfm.com\/noticias\/wp-json\/wp\/v2\/posts"}],"about":[{"href":"https:\/\/vinasfm.com\/noticias\/wp-json\/wp\/v2\/types\/post"}],"author":[{"embeddable":true,"href":"https:\/\/vinasfm.com\/noticias\/wp-json\/wp\/v2\/users\/7"}],"replies":[{"embeddable":true,"href":"https:\/\/vinasfm.com\/noticias\/wp-json\/wp\/v2\/comments?post=142038"}],"version-history":[{"count":4,"href":"https:\/\/vinasfm.com\/noticias\/wp-json\/wp\/v2\/posts\/142038\/revisions"}],"predecessor-version":[{"id":142045,"href":"https:\/\/vinasfm.com\/noticias\/wp-json\/wp\/v2\/posts\/142038\/revisions\/142045"}],"wp:featuredmedia":[{"embeddable":true,"href":"https:\/\/vinasfm.com\/noticias\/wp-json\/wp\/v2\/media\/33023"}],"wp:attachment":[{"href":"https:\/\/vinasfm.com\/noticias\/wp-json\/wp\/v2\/media?parent=142038"}],"wp:term":[{"taxonomy":"category","embeddable":true,"href":"https:\/\/vinasfm.com\/noticias\/wp-json\/wp\/v2\/categories?post=142038"},{"taxonomy":"post_tag","embeddable":true,"href":"https:\/\/vinasfm.com\/noticias\/wp-json\/wp\/v2\/tags?post=142038"}],"curies":[{"name":"wp","href":"https:\/\/api.w.org\/{rel}","templated":true}]}}