{"id":142022,"date":"2024-11-28T00:03:24","date_gmt":"2024-11-28T03:03:24","guid":{"rendered":"https:\/\/vinasfm.com\/noticias\/?p=142022"},"modified":"2024-11-28T10:26:43","modified_gmt":"2024-11-28T13:26:43","slug":"cinco-empresas-interesadas-en-la-construccion-del-polideportivo-de-bowen","status":"publish","type":"post","link":"https:\/\/vinasfm.com\/noticias\/cinco-empresas-interesadas-en-la-construccion-del-polideportivo-de-bowen\/","title":{"rendered":"CINCO EMPRESAS INTERESADAS EN LA CONSTRUCCI\u00d3N DEL POLIDEPORTIVO DE BOWEN"},"content":{"rendered":"<h4 dir=\"auto\"><strong>En el marco del proceso licitatorio para la construcci\u00f3n del esperado Polideportivo y Centro de Convenciones de Bowen, este martes, representantes de cinco empresas interesadas en realizar la obra recorrieron el predio donde se construir\u00e1 este importante edificio que tendr\u00e1 un gran significativo deportivo y social.<\/strong><\/h4>\n<div dir=\"auto\">El llamado a licitaci\u00f3n p\u00fablica est\u00e1 previsto para el pr\u00f3ximo 5 de diciembre de 2024, y desde la Municipalidad de General Alvear expresaron su satisfacci\u00f3n por el inter\u00e9s y la confianza demostrada por estas empresas en concretar una obra que marcar\u00e1 un antes y un despu\u00e9s en el distrito del este.<\/div>\n<div dir=\"auto\"><\/div>\n<div dir=\"auto\">El proyecto, que cuenta con un presupuesto superior a los 2 mil millones de pesos, incluye la construcci\u00f3n de un espacio multifuncional destinado a actividades deportivas, recreativas y culturales, y su plazo de ejecuci\u00f3n est\u00e1 estimado en 18 meses.<\/div>\n<div dir=\"auto\"><\/div>\n<div dir=\"auto\"><em><strong>\u201cEstamos muy contentos de avanzar en esta obra tan esperada por los vecinos de Bowen. Es un ejemplo de c\u00f3mo el trabajo conjunto entre el municipio y las empresas puede traer progreso y desarrollo para nuestros vecinos,\u201d<\/strong><\/em> se\u00f1alaron desde la comuna.<\/div>\n<div dir=\"auto\"><\/div>\n<div dir=\"auto\">Se estima que los trabajos de construcci\u00f3n comiencen en los primeros d\u00edas del 2025, dando inicio a un proyecto que no solo mejorar\u00e1 la infraestructura del distrito, sino que tambi\u00e9n fomentar\u00e1 el desarrollo deportivo, cultural y econ\u00f3mico de la regi\u00f3n.<\/div>\n","protected":false},"excerpt":{"rendered":"<p>En el marco del proceso licitatorio para la construcci\u00f3n del esperado Polideportivo y Centro de Convenciones de Bowen, este martes, representantes &#8230;<\/p>\n","protected":false},"author":7,"featured_media":142023,"comment_status":"open","ping_status":"open","sticky":false,"template":"","format":"standard","meta":{"footnotes":""},"categories":[5,29],"tags":[],"class_list":["post-142022","post","type-post","status-publish","format-standard","has-post-thumbnail","hentry","category-actualidad","category-obras-y-servicios"],"_links":{"self":[{"href":"https:\/\/vinasfm.com\/noticias\/wp-json\/wp\/v2\/posts\/142022","targetHints":{"allow":["GET"]}}],"collection":[{"href":"https:\/\/vinasfm.com\/noticias\/wp-json\/wp\/v2\/posts"}],"about":[{"href":"https:\/\/vinasfm.com\/noticias\/wp-json\/wp\/v2\/types\/post"}],"author":[{"embeddable":true,"href":"https:\/\/vinasfm.com\/noticias\/wp-json\/wp\/v2\/users\/7"}],"replies":[{"embeddable":true,"href":"https:\/\/vinasfm.com\/noticias\/wp-json\/wp\/v2\/comments?post=142022"}],"version-history":[{"count":2,"href":"https:\/\/vinasfm.com\/noticias\/wp-json\/wp\/v2\/posts\/142022\/revisions"}],"predecessor-version":[{"id":142051,"href":"https:\/\/vinasfm.com\/noticias\/wp-json\/wp\/v2\/posts\/142022\/revisions\/142051"}],"wp:featuredmedia":[{"embeddable":true,"href":"https:\/\/vinasfm.com\/noticias\/wp-json\/wp\/v2\/media\/142023"}],"wp:attachment":[{"href":"https:\/\/vinasfm.com\/noticias\/wp-json\/wp\/v2\/media?parent=142022"}],"wp:term":[{"taxonomy":"category","embeddable":true,"href":"https:\/\/vinasfm.com\/noticias\/wp-json\/wp\/v2\/categories?post=142022"},{"taxonomy":"post_tag","embeddable":true,"href":"https:\/\/vinasfm.com\/noticias\/wp-json\/wp\/v2\/tags?post=142022"}],"curies":[{"name":"wp","href":"https:\/\/api.w.org\/{rel}","templated":true}]}}