{"id":141974,"date":"2024-11-26T17:27:18","date_gmt":"2024-11-26T20:27:18","guid":{"rendered":"https:\/\/vinasfm.com\/noticias\/?p=141974"},"modified":"2024-11-26T17:27:18","modified_gmt":"2024-11-26T20:27:18","slug":"el-antonio-lafalla-fue-el-escenario-principal-de-una-jornada-de-reflexion-sobre-masculinidades-y-violencia-de-genero","status":"publish","type":"post","link":"https:\/\/vinasfm.com\/noticias\/el-antonio-lafalla-fue-el-escenario-principal-de-una-jornada-de-reflexion-sobre-masculinidades-y-violencia-de-genero\/","title":{"rendered":"EL ANTONIO LAFALLA FUE EL ESCENARIO PRINCIPAL DE UNA JORNADA DE REFLEXI\u00d3N SOBRE MASCULINIDADES Y VIOLENCIA DE G\u00c9NERO"},"content":{"rendered":"<h4>Este martes se desarroll\u00f3 una jornada conmemorativa del D\u00eda Internacional de la No Violencia contra la Mujer. Bajo el lema \u00abMasculinidades y Abordaje Integral de las Violencias por Motivos de G\u00e9nero\u00bb, el evento se propuso repensar los estereotipos y patrones de conducta masculinos, con el objetivo de prevenir la violencia de g\u00e9nero en la sociedad.<\/h4>\n<p>La actividad incluy\u00f3 una charla-debate que cont\u00f3 con la participaci\u00f3n de destacados disertantes provenientes de la provincia de Buenos Aires. Entre ellos, <span style=\"color: #003366;\"><strong>Lucia Luwarski<\/strong><\/span>, <em>directora del documental \u00abEl Silencio de los Hombres\u00bb<\/em>, y <span style=\"color: #003366;\"><strong>Nicol\u00e1s Pontacuarto<\/strong><\/span>, <em>representante del Instituto de Masculinidades y Cambio Social.<\/em> Ambos expertos <strong>abordaron la crucial discusi\u00f3n sobre el rol que desempe\u00f1an los varones en la lucha contra la violencia de g\u00e9nero y su implicaci\u00f3n en el cambio<\/strong> social necesario para erradicar este flagelo.<\/p>\n<p>Luwarski present\u00f3 su documental, que ha generado un gran inter\u00e9s en diversas comunidades, creando un espacio para que muchos hombres reflexionen sobre su comportamiento y las din\u00e1micas de poder en sus relaciones. \u00abEl Silencio de los Hombres\u00bb invita a los espectadores a confrontar realidades inc\u00f3modas y a entender c\u00f3mo las masculinidades tradicionales pueden contribuir a perpetuar la violencia, pero tambi\u00e9n c\u00f3mo pueden transformarse para fomentar relaciones m\u00e1s equitativas y respetuosas.<\/p>\n<p>Durante el debate, Pontacuarto destac\u00f3 la importancia de involucrar a los hombres en estas conversaciones. \u00abEs fundamental que los varones se reconozcan como parte del problema, pero tambi\u00e9n como parte de la soluci\u00f3n\u00bb, afirm\u00f3. La discusi\u00f3n se centr\u00f3 en c\u00f3mo los hombres pueden cuestionar y redefinir su masculinidad, promoviendo actitudes que favorezcan un entorno libre de violencia.<\/p>\n<p>La jornada no solo sirvi\u00f3 para concientizar sobre la problem\u00e1tica, sino que tambi\u00e9n <strong>propici\u00f3 un espacio de di\u00e1logo abierto donde los asistentes pudieron compartir experiencias y reflexiones.<\/strong> Este intercambio enriqueci\u00f3 el debate y permiti\u00f3 visibilizar las diversas formas en que las violencias por motivos de g\u00e9nero afectan a toda la sociedad.<\/p>\n","protected":false},"excerpt":{"rendered":"<p>Este martes se desarroll\u00f3 una jornada conmemorativa del D\u00eda Internacional de la No Violencia contra la Mujer. Bajo el lema \u00abMasculinidades &#8230;<\/p>\n","protected":false},"author":7,"featured_media":141975,"comment_status":"open","ping_status":"open","sticky":false,"template":"","format":"standard","meta":{"footnotes":""},"categories":[1],"tags":[],"class_list":["post-141974","post","type-post","status-publish","format-standard","has-post-thumbnail","hentry","category-fmvinas"],"_links":{"self":[{"href":"https:\/\/vinasfm.com\/noticias\/wp-json\/wp\/v2\/posts\/141974","targetHints":{"allow":["GET"]}}],"collection":[{"href":"https:\/\/vinasfm.com\/noticias\/wp-json\/wp\/v2\/posts"}],"about":[{"href":"https:\/\/vinasfm.com\/noticias\/wp-json\/wp\/v2\/types\/post"}],"author":[{"embeddable":true,"href":"https:\/\/vinasfm.com\/noticias\/wp-json\/wp\/v2\/users\/7"}],"replies":[{"embeddable":true,"href":"https:\/\/vinasfm.com\/noticias\/wp-json\/wp\/v2\/comments?post=141974"}],"version-history":[{"count":1,"href":"https:\/\/vinasfm.com\/noticias\/wp-json\/wp\/v2\/posts\/141974\/revisions"}],"predecessor-version":[{"id":141976,"href":"https:\/\/vinasfm.com\/noticias\/wp-json\/wp\/v2\/posts\/141974\/revisions\/141976"}],"wp:featuredmedia":[{"embeddable":true,"href":"https:\/\/vinasfm.com\/noticias\/wp-json\/wp\/v2\/media\/141975"}],"wp:attachment":[{"href":"https:\/\/vinasfm.com\/noticias\/wp-json\/wp\/v2\/media?parent=141974"}],"wp:term":[{"taxonomy":"category","embeddable":true,"href":"https:\/\/vinasfm.com\/noticias\/wp-json\/wp\/v2\/categories?post=141974"},{"taxonomy":"post_tag","embeddable":true,"href":"https:\/\/vinasfm.com\/noticias\/wp-json\/wp\/v2\/tags?post=141974"}],"curies":[{"name":"wp","href":"https:\/\/api.w.org\/{rel}","templated":true}]}}