{"id":141941,"date":"2024-11-26T09:30:24","date_gmt":"2024-11-26T12:30:24","guid":{"rendered":"https:\/\/vinasfm.com\/noticias\/?p=141941"},"modified":"2024-11-26T12:21:49","modified_gmt":"2024-11-26T15:21:49","slug":"empleados-municipales-fueron-capacitados-sobre-contrataciones-publicas","status":"publish","type":"post","link":"https:\/\/vinasfm.com\/noticias\/empleados-municipales-fueron-capacitados-sobre-contrataciones-publicas\/","title":{"rendered":"EMPLEADOS MUNICIPALES FUERON CAPACITADOS SOBRE CONTRATACIONES P\u00daBLICAS"},"content":{"rendered":"<h4><span style=\"color: #000000;\">En el marco del compromiso con la mejora del sistema administrativo y la transparencia en la gesti\u00f3n p\u00fablica, se llev\u00f3 a cabo una capacitaci\u00f3n destinada a empleados municipales sobre contrataciones p\u00fablicas.<\/span><\/h4>\n<p><span style=\"color: #000000;\">El objetivo principal de esta formaci\u00f3n fue fortalecer los conocimientos del personal en los procedimientos de contrataci\u00f3n, promoviendo pr\u00e1cticas m\u00e1s eficientes, \u00e9ticas y ajustadas a la normativa vigente.<\/span><\/p>\n<p><span style=\"color: #000000;\"><strong><span style=\"color: #003366;\">Romina Carri\u00f3n<\/span><\/strong>, <em>Asesora Legal del Municipio<\/em>, explic\u00f3 que <em><strong>\u201cdesde la Direcci\u00f3n de Asuntos Jur\u00eddicos se solicit\u00f3 la presencia en General Alvear de la Fiscal\u00eda de Estado para lograr una capacitaci\u00f3n centrada en las contrataciones p\u00fablicas\u201d.<\/strong><\/em> La misma estuvo destinada a personal municipal de distintas \u00e1reas, direcciones y secretar\u00edas de la Comuna, en donde pudieron realizar consultas y profundizar sobre los procesos administrativos.<\/span><\/p>\n<p><span style=\"color: #000000;\"><span style=\"color: #003366;\"><strong>Andr\u00e9s Torrecillas<\/strong><\/span>, <em>de la Fiscal\u00eda de Estado<\/em>, se\u00f1al\u00f3 que <em><strong>\u201cen esta oportunidad se realiza un an\u00e1lisis sobre el R\u00e9gimen de Contrataciones de Mendoza, las previsiones de la Ley 8706 y el decreto reglamentario del a\u00f1o 2015, sobre la Licitaci\u00f3n P\u00fablica como principio general de contrataci\u00f3n del Estado y las distintas alternativas que tiene el poder para adquirir bienes o contratar servicios\u201d.<\/strong><\/em> Sobre la intervenci\u00f3n de los presentes, Torrecillas destac\u00f3 que <strong><em>\u201cha habido consultas sobre los diferentes asesores y directores que plantearon las casu\u00edsticas que cotidianamente se van dando, por eso consideramos que este tipo de capacitaciones son muy enriquecedoras\u201d.<\/em><\/strong><\/span><\/p>\n<p><span style=\"color: #000000;\">Si bien din\u00e1micas como estas se han dado en otros departamentos, esta significa la primera en el Oasis Sur, <strong><em>\u201caplaudimos y agradecemos el lugar que nos ha dado el Sr. Intendente, porque esta intervenci\u00f3n tendr\u00e1 buenos resultados en\u00a0 cuanto a evacuar dudas y plantear distintas inquietudes de los funcionarios\u201d<\/em><\/strong>, afirm\u00f3 Juan Andr\u00e9s Torrecillas.<\/span><\/p>\n","protected":false},"excerpt":{"rendered":"<p>En el marco del compromiso con la mejora del sistema administrativo y la transparencia en la gesti\u00f3n p\u00fablica, se llev\u00f3 a &#8230;<\/p>\n","protected":false},"author":7,"featured_media":141943,"comment_status":"open","ping_status":"open","sticky":false,"template":"","format":"standard","meta":{"footnotes":""},"categories":[5,10],"tags":[],"class_list":["post-141941","post","type-post","status-publish","format-standard","has-post-thumbnail","hentry","category-actualidad","category-destacadas"],"_links":{"self":[{"href":"https:\/\/vinasfm.com\/noticias\/wp-json\/wp\/v2\/posts\/141941","targetHints":{"allow":["GET"]}}],"collection":[{"href":"https:\/\/vinasfm.com\/noticias\/wp-json\/wp\/v2\/posts"}],"about":[{"href":"https:\/\/vinasfm.com\/noticias\/wp-json\/wp\/v2\/types\/post"}],"author":[{"embeddable":true,"href":"https:\/\/vinasfm.com\/noticias\/wp-json\/wp\/v2\/users\/7"}],"replies":[{"embeddable":true,"href":"https:\/\/vinasfm.com\/noticias\/wp-json\/wp\/v2\/comments?post=141941"}],"version-history":[{"count":2,"href":"https:\/\/vinasfm.com\/noticias\/wp-json\/wp\/v2\/posts\/141941\/revisions"}],"predecessor-version":[{"id":141944,"href":"https:\/\/vinasfm.com\/noticias\/wp-json\/wp\/v2\/posts\/141941\/revisions\/141944"}],"wp:featuredmedia":[{"embeddable":true,"href":"https:\/\/vinasfm.com\/noticias\/wp-json\/wp\/v2\/media\/141943"}],"wp:attachment":[{"href":"https:\/\/vinasfm.com\/noticias\/wp-json\/wp\/v2\/media?parent=141941"}],"wp:term":[{"taxonomy":"category","embeddable":true,"href":"https:\/\/vinasfm.com\/noticias\/wp-json\/wp\/v2\/categories?post=141941"},{"taxonomy":"post_tag","embeddable":true,"href":"https:\/\/vinasfm.com\/noticias\/wp-json\/wp\/v2\/tags?post=141941"}],"curies":[{"name":"wp","href":"https:\/\/api.w.org\/{rel}","templated":true}]}}