{"id":141851,"date":"2024-11-22T12:23:23","date_gmt":"2024-11-22T15:23:23","guid":{"rendered":"https:\/\/vinasfm.com\/noticias\/?p=141851"},"modified":"2024-11-22T12:29:02","modified_gmt":"2024-11-22T15:29:02","slug":"desde-el-municipio-organizaran-la-jornada-masculinidades-y-abordaje-integral-de-las-violencias-por-motivos-de-genero","status":"publish","type":"post","link":"https:\/\/vinasfm.com\/noticias\/desde-el-municipio-organizaran-la-jornada-masculinidades-y-abordaje-integral-de-las-violencias-por-motivos-de-genero\/","title":{"rendered":"DESDE EL MUNICIPIO ORGANIZARAN LA JORNADA \u00abMASCULINIDADES Y ABORDAJE INTEGRAL DE LAS VIOLENCIAS POR MOTIVOS DE G\u00c9NERO\u00bb"},"content":{"rendered":"<h4><strong>El pr\u00f3ximo martes 26 de noviembre, a partir de las 9:00 de la ma\u00f1ana, el Teatro Antonio Lafalla ser\u00e1 el escenario de una jornada especial de actividades con motivo de la conmemoraci\u00f3n del D\u00eda Internacional de la Eliminaci\u00f3n de la Violencia contra la Mujer.<\/strong><\/h4>\n<p>Este evento, organizado por la Direcci\u00f3n de Familia, tiene como objetivo visibilizar y reflexionar sobre la violencia de g\u00e9nero, sus diversas formas de maltrato y la urgente necesidad de fortalecer la prevenci\u00f3n y protecci\u00f3n de las mujeres.<br \/>\nEl d\u00eda anterior, 25 de noviembre, se recuerda a nivel mundial esta fecha crucial que busca sensibilizar a la sociedad sobre la violencia que enfrentan millones de mujeres en todo el mundo, desde la violencia f\u00edsica hasta la psicol\u00f3gica, sexual y econ\u00f3mica. En este contexto, la directora de la Direcci\u00f3n de Familia, Gabriela Arzel\u00e1n expres\u00f3: <em><strong>\u00abEste d\u00eda, en todo el mundo, se visibiliza la violencia hacia la mujer, todas las formas de maltrato hacia una mujer y, desde esta direcci\u00f3n, vemos la necesidad de seguir trabajando para la prevenci\u00f3n y la protecci\u00f3n de cada mujer\u00bb<\/strong><\/em><\/p>\n<p>La Coordinadora de Mujer y G\u00e9nero, Jimena Colombres explic\u00f3, <em><strong>\u201cva ser una actividad muy interesante porque vamos a contar con disertantes de la provincia de Buenos Aires uno de ellos es inclusive, Dir. Luc\u00eda Lubarsky, la productora y guionista de un documental que se va a proyectar ese d\u00eda, que se llama &lt;El silencio de los hombres&gt;, va a estar acompa\u00f1ando tambi\u00e9n el Prof. Nicol\u00e1s Pontaquarto, que \u00e9l es representante de la Direcci\u00f3n de Masculinidades e Igualdad de G\u00e9nero masculinidades.\u201d<\/strong><\/em><\/p>\n<p>La actividad se desarrollar\u00e1 bajo una modalidad de charla-debate, con la participaci\u00f3n de instituciones de diversas \u00e1reas como salud, educaci\u00f3n, justicia y otros sectores municipales que abordan, de manera directa o indirecta, la problem\u00e1tica de la violencia por motivos de g\u00e9nero.<br \/>\nLa invitaci\u00f3n est\u00e1 abierta a toda la comunidad para participar de este evento, con la esperanza de generar conciencia y actuar en conjunto para crear una sociedad m\u00e1s igualitaria y libre de violencia.<\/p>\n","protected":false},"excerpt":{"rendered":"<p>El pr\u00f3ximo martes 26 de noviembre, a partir de las 9:00 de la ma\u00f1ana, el Teatro Antonio Lafalla ser\u00e1 el escenario &#8230;<\/p>\n","protected":false},"author":7,"featured_media":141853,"comment_status":"open","ping_status":"open","sticky":false,"template":"","format":"standard","meta":{"footnotes":""},"categories":[1],"tags":[],"class_list":["post-141851","post","type-post","status-publish","format-standard","has-post-thumbnail","hentry","category-fmvinas"],"_links":{"self":[{"href":"https:\/\/vinasfm.com\/noticias\/wp-json\/wp\/v2\/posts\/141851","targetHints":{"allow":["GET"]}}],"collection":[{"href":"https:\/\/vinasfm.com\/noticias\/wp-json\/wp\/v2\/posts"}],"about":[{"href":"https:\/\/vinasfm.com\/noticias\/wp-json\/wp\/v2\/types\/post"}],"author":[{"embeddable":true,"href":"https:\/\/vinasfm.com\/noticias\/wp-json\/wp\/v2\/users\/7"}],"replies":[{"embeddable":true,"href":"https:\/\/vinasfm.com\/noticias\/wp-json\/wp\/v2\/comments?post=141851"}],"version-history":[{"count":1,"href":"https:\/\/vinasfm.com\/noticias\/wp-json\/wp\/v2\/posts\/141851\/revisions"}],"predecessor-version":[{"id":141852,"href":"https:\/\/vinasfm.com\/noticias\/wp-json\/wp\/v2\/posts\/141851\/revisions\/141852"}],"wp:featuredmedia":[{"embeddable":true,"href":"https:\/\/vinasfm.com\/noticias\/wp-json\/wp\/v2\/media\/141853"}],"wp:attachment":[{"href":"https:\/\/vinasfm.com\/noticias\/wp-json\/wp\/v2\/media?parent=141851"}],"wp:term":[{"taxonomy":"category","embeddable":true,"href":"https:\/\/vinasfm.com\/noticias\/wp-json\/wp\/v2\/categories?post=141851"},{"taxonomy":"post_tag","embeddable":true,"href":"https:\/\/vinasfm.com\/noticias\/wp-json\/wp\/v2\/tags?post=141851"}],"curies":[{"name":"wp","href":"https:\/\/api.w.org\/{rel}","templated":true}]}}