{"id":141846,"date":"2024-11-22T12:02:57","date_gmt":"2024-11-22T15:02:57","guid":{"rendered":"https:\/\/vinasfm.com\/noticias\/?p=141846"},"modified":"2024-11-25T09:40:59","modified_gmt":"2024-11-25T12:40:59","slug":"dos-nuevos-robos-se-registraron-en-las-ultimas-horas-2","status":"publish","type":"post","link":"https:\/\/vinasfm.com\/noticias\/dos-nuevos-robos-se-registraron-en-las-ultimas-horas-2\/","title":{"rendered":"DOS NUEVOS ROBOS SE REGISTRARON EN LA JORNADA DEL JUEVES"},"content":{"rendered":"<h4><span style=\"color: #000000;\">Una bicicleta y un casco de moto fueron sustra\u00eddos en la jornada del jueves, seg\u00fan informes policiales. <\/span><\/h4>\n<p><span style=\"color: #000000;\">El primero de los hechos ocurri\u00f3 a las <strong>15:55 en la calle Buenos Aires, donde un menor de 14 a\u00f1os fue v\u00edctima del robo de su bicicleta.<\/strong> Seg\u00fan declaraciones, el menor<strong> hab\u00eda dejado la bicicleta rodado 29 en la vereda sin medida de seguridad<\/strong>, y a los pocos minutos, constat\u00f3 que <strong>sujetos desconocidos se la hab\u00edan sustra\u00eddo. <\/strong><\/span><\/p>\n<p><span style=\"color: #000000;\">M\u00e1s tarde, a las 20:40, se registr\u00f3 otro robo en la intersecci\u00f3n de la <strong>Avenida Libertador Norte y la calle 9 de Julio.<\/strong> En este caso, la v\u00edctima fue identificada como C. B., de 18 a\u00f1os, quien <strong>hab\u00eda estacionado su moto Corven 110 cc en la vereda con la traba colocada y dos cascos.<\/strong> Al salir del local comercial donde hab\u00eda realizado unas compras, <strong>constat\u00f3 que sujetos desconocidos le hab\u00edan sustra\u00eddo uno de los cascos.<\/strong><\/span><\/p>\n","protected":false},"excerpt":{"rendered":"<p>Una bicicleta y un casco de moto fueron sustra\u00eddos en la jornada del jueves, seg\u00fan informes policiales. El primero de los &#8230;<\/p>\n","protected":false},"author":7,"featured_media":137647,"comment_status":"open","ping_status":"open","sticky":false,"template":"","format":"standard","meta":{"footnotes":""},"categories":[201,4],"tags":[],"class_list":["post-141846","post","type-post","status-publish","format-standard","has-post-thumbnail","hentry","category-inseguridad","category-policiales"],"_links":{"self":[{"href":"https:\/\/vinasfm.com\/noticias\/wp-json\/wp\/v2\/posts\/141846","targetHints":{"allow":["GET"]}}],"collection":[{"href":"https:\/\/vinasfm.com\/noticias\/wp-json\/wp\/v2\/posts"}],"about":[{"href":"https:\/\/vinasfm.com\/noticias\/wp-json\/wp\/v2\/types\/post"}],"author":[{"embeddable":true,"href":"https:\/\/vinasfm.com\/noticias\/wp-json\/wp\/v2\/users\/7"}],"replies":[{"embeddable":true,"href":"https:\/\/vinasfm.com\/noticias\/wp-json\/wp\/v2\/comments?post=141846"}],"version-history":[{"count":2,"href":"https:\/\/vinasfm.com\/noticias\/wp-json\/wp\/v2\/posts\/141846\/revisions"}],"predecessor-version":[{"id":141895,"href":"https:\/\/vinasfm.com\/noticias\/wp-json\/wp\/v2\/posts\/141846\/revisions\/141895"}],"wp:featuredmedia":[{"embeddable":true,"href":"https:\/\/vinasfm.com\/noticias\/wp-json\/wp\/v2\/media\/137647"}],"wp:attachment":[{"href":"https:\/\/vinasfm.com\/noticias\/wp-json\/wp\/v2\/media?parent=141846"}],"wp:term":[{"taxonomy":"category","embeddable":true,"href":"https:\/\/vinasfm.com\/noticias\/wp-json\/wp\/v2\/categories?post=141846"},{"taxonomy":"post_tag","embeddable":true,"href":"https:\/\/vinasfm.com\/noticias\/wp-json\/wp\/v2\/tags?post=141846"}],"curies":[{"name":"wp","href":"https:\/\/api.w.org\/{rel}","templated":true}]}}