{"id":141837,"date":"2024-11-22T11:05:02","date_gmt":"2024-11-22T14:05:02","guid":{"rendered":"https:\/\/vinasfm.com\/noticias\/?p=141837"},"modified":"2024-11-25T09:41:16","modified_gmt":"2024-11-25T12:41:16","slug":"molero-y-el-presidente-de-emesa-firmaron-la-cesion-del-proyecto-ejecutivo-del-parque-fotovoltaico-de-general-alvear","status":"publish","type":"post","link":"https:\/\/vinasfm.com\/noticias\/molero-y-el-presidente-de-emesa-firmaron-la-cesion-del-proyecto-ejecutivo-del-parque-fotovoltaico-de-general-alvear\/","title":{"rendered":"MOLERO Y EL PRESIDENTE DE EMESA FIRMARON LA CESI\u00d3N DEL PROYECTO EJECUTIVO DEL PARQUE FOTOVOLTAICO DE GENERAL ALVEAR"},"content":{"rendered":"<h4><span style=\"color: #000000;\">Se trata de un paso <strong>clave para avanzar hacia un futuro m\u00e1s sustentable y potenciar la matriz energ\u00e9tica con energ\u00eda limpia.<\/strong><\/span><\/h4>\n<p><span style=\"color: #000000;\">En la jornada del jueves, el<span style=\"color: #003366;\"><strong> Sr. Intendente Alejandro Molero<\/strong><\/span> firm\u00f3 junto a <span style=\"color: #003366;\"><strong>Pablo Magistocchi<\/strong><\/span>, presidente de la<strong> Empresa Mendocina de Energ\u00eda Sociedad An\u00f3nima<\/strong><\/span> <em>(<\/em><span style=\"color: #000000;\"><em>EMESA)<\/em>, <strong>la cesi\u00f3n al municipio del proyecto ejecutivo del Parque Fotovoltaico de General Alvear.\u00a0<\/strong><\/span><br class=\"html-br\" \/><br class=\"html-br\" \/><span style=\"color: #000000;\">Seg\u00fan poste\u00f3 el Mandatario en su cuenta de Facebook, el pr\u00f3ximo martes <em><strong>\u00abjunto al Gobernador Alfredo Cornejo y la ministra Jimena Latorre, recibiremos a importantes inversionistas de Alemania y Estados Unidos\u00bb<\/strong><\/em> para trabajar en la concreci\u00f3n de este proyecto, que representa una oportunidad hist\u00f3rica para nuestro departamento. Adem\u00e1s, se mostr\u00f3 optimista al asegurar que se encuentran <strong><em>\u00abtrabajando con seriedad y compromiso para cumplir los deseos de los alvearenses: transformar a General Alvearen un modelo de desarrollo sostenible y generador de oportunidades para todos\u00bb.<\/em><\/strong><\/span><\/p>\n","protected":false},"excerpt":{"rendered":"<p>Se trata de un paso clave para avanzar hacia un futuro m\u00e1s sustentable y potenciar la matriz energ\u00e9tica con energ\u00eda limpia. &#8230;<\/p>\n","protected":false},"author":7,"featured_media":141838,"comment_status":"open","ping_status":"open","sticky":false,"template":"","format":"standard","meta":{"footnotes":""},"categories":[10,78],"tags":[],"class_list":["post-141837","post","type-post","status-publish","format-standard","has-post-thumbnail","hentry","category-destacadas","category-municipalidad"],"_links":{"self":[{"href":"https:\/\/vinasfm.com\/noticias\/wp-json\/wp\/v2\/posts\/141837","targetHints":{"allow":["GET"]}}],"collection":[{"href":"https:\/\/vinasfm.com\/noticias\/wp-json\/wp\/v2\/posts"}],"about":[{"href":"https:\/\/vinasfm.com\/noticias\/wp-json\/wp\/v2\/types\/post"}],"author":[{"embeddable":true,"href":"https:\/\/vinasfm.com\/noticias\/wp-json\/wp\/v2\/users\/7"}],"replies":[{"embeddable":true,"href":"https:\/\/vinasfm.com\/noticias\/wp-json\/wp\/v2\/comments?post=141837"}],"version-history":[{"count":3,"href":"https:\/\/vinasfm.com\/noticias\/wp-json\/wp\/v2\/posts\/141837\/revisions"}],"predecessor-version":[{"id":141843,"href":"https:\/\/vinasfm.com\/noticias\/wp-json\/wp\/v2\/posts\/141837\/revisions\/141843"}],"wp:featuredmedia":[{"embeddable":true,"href":"https:\/\/vinasfm.com\/noticias\/wp-json\/wp\/v2\/media\/141838"}],"wp:attachment":[{"href":"https:\/\/vinasfm.com\/noticias\/wp-json\/wp\/v2\/media?parent=141837"}],"wp:term":[{"taxonomy":"category","embeddable":true,"href":"https:\/\/vinasfm.com\/noticias\/wp-json\/wp\/v2\/categories?post=141837"},{"taxonomy":"post_tag","embeddable":true,"href":"https:\/\/vinasfm.com\/noticias\/wp-json\/wp\/v2\/tags?post=141837"}],"curies":[{"name":"wp","href":"https:\/\/api.w.org\/{rel}","templated":true}]}}