{"id":141836,"date":"2024-11-22T10:51:03","date_gmt":"2024-11-22T13:51:03","guid":{"rendered":"https:\/\/vinasfm.com\/noticias\/?p=141836"},"modified":"2024-11-25T09:41:44","modified_gmt":"2024-11-25T12:41:44","slug":"un-joven-de-21-anos-fue-detenido-en-jaime-prats-por-circular-con-un-rifle","status":"publish","type":"post","link":"https:\/\/vinasfm.com\/noticias\/un-joven-de-21-anos-fue-detenido-en-jaime-prats-por-circular-con-un-rifle\/","title":{"rendered":"UN JOVEN DE 21 A\u00d1OS FUE DETENIDO EN JAIME PRATS POR CIRCULAR CON UN RIFLE"},"content":{"rendered":"<h4>Seg\u00fan informes policiales, el joven identificado como M. R., fue detenido en inmediaciones de la Ruta 200 y calle Los Tres Puente del distrito de San Rafael.<\/h4>\n<p>El hecho ocurri\u00f3 cuando personal policial de la <strong>Unidad Motorizada de Acci\u00f3n R\u00e1pida<\/strong>\u00a0<em>(UMAR)<\/em> realiz\u00f3 un control en el lugar,<strong> requisando el veh\u00edculo en el circulaba el joven<\/strong> <em>(una camioneta marca Mitsubishi Pick Up)<\/em>, <strong>y secuestr\u00f3 un arma de fuego tipo rifle calibre 22, junto con dos cargadores y 10 cartuchos calibre 22. <\/strong><\/p>\n<p>La Ayudante Fiscal de turno <strong>dispuso la aprehensi\u00f3n del joven<\/strong> quien se encuentra a disposici\u00f3n de la Justica.<\/p>\n","protected":false},"excerpt":{"rendered":"<p>Seg\u00fan informes policiales, el joven identificado como M. R., fue detenido en inmediaciones de la Ruta 200 y calle Los Tres &#8230;<\/p>\n","protected":false},"author":7,"featured_media":141839,"comment_status":"open","ping_status":"open","sticky":false,"template":"","format":"standard","meta":{"footnotes":""},"categories":[4,33],"tags":[],"class_list":["post-141836","post","type-post","status-publish","format-standard","has-post-thumbnail","hentry","category-policiales","category-seguridad"],"_links":{"self":[{"href":"https:\/\/vinasfm.com\/noticias\/wp-json\/wp\/v2\/posts\/141836","targetHints":{"allow":["GET"]}}],"collection":[{"href":"https:\/\/vinasfm.com\/noticias\/wp-json\/wp\/v2\/posts"}],"about":[{"href":"https:\/\/vinasfm.com\/noticias\/wp-json\/wp\/v2\/types\/post"}],"author":[{"embeddable":true,"href":"https:\/\/vinasfm.com\/noticias\/wp-json\/wp\/v2\/users\/7"}],"replies":[{"embeddable":true,"href":"https:\/\/vinasfm.com\/noticias\/wp-json\/wp\/v2\/comments?post=141836"}],"version-history":[{"count":1,"href":"https:\/\/vinasfm.com\/noticias\/wp-json\/wp\/v2\/posts\/141836\/revisions"}],"predecessor-version":[{"id":141840,"href":"https:\/\/vinasfm.com\/noticias\/wp-json\/wp\/v2\/posts\/141836\/revisions\/141840"}],"wp:featuredmedia":[{"embeddable":true,"href":"https:\/\/vinasfm.com\/noticias\/wp-json\/wp\/v2\/media\/141839"}],"wp:attachment":[{"href":"https:\/\/vinasfm.com\/noticias\/wp-json\/wp\/v2\/media?parent=141836"}],"wp:term":[{"taxonomy":"category","embeddable":true,"href":"https:\/\/vinasfm.com\/noticias\/wp-json\/wp\/v2\/categories?post=141836"},{"taxonomy":"post_tag","embeddable":true,"href":"https:\/\/vinasfm.com\/noticias\/wp-json\/wp\/v2\/tags?post=141836"}],"curies":[{"name":"wp","href":"https:\/\/api.w.org\/{rel}","templated":true}]}}