{"id":141804,"date":"2024-11-21T20:38:09","date_gmt":"2024-11-21T23:38:09","guid":{"rendered":"https:\/\/vinasfm.com\/noticias\/?p=141804"},"modified":"2024-11-22T10:27:27","modified_gmt":"2024-11-22T13:27:27","slug":"reunion-cumbre-cornejo-molero-el-oasis-ya-tiene-asegurado-el-sistema-de-la-lucha-antigranizo-par-esta-temporada","status":"publish","type":"post","link":"https:\/\/vinasfm.com\/noticias\/reunion-cumbre-cornejo-molero-el-oasis-ya-tiene-asegurado-el-sistema-de-la-lucha-antigranizo-par-esta-temporada\/","title":{"rendered":"REUNI\u00d3N CUMBRE CORNEJO-MOLERO: EL OASIS YA TIENE ASEGURADO EL SISTEMA DE LA LUCHA ANTIGRANIZO PARA ESTA TEMPORADA"},"content":{"rendered":"<h4>El Gobernador Alfredo Cornejo firm\u00f3 este jueves el decreto que establece un aporte complementario al Fideicomiso de Asistencia para la Lucha Antigranizo en el Oasis Sur.<\/h4>\n<p>Mediante la firma de un decreto, el <span style=\"color: #003366;\"><strong>Gobernador Alfredo Cornejo<\/strong><\/span> resolvi\u00f3 <strong>destinar $1800 millones para el Fideicomiso de Asistencia para la Lucha Antigranizo<\/strong> en el Oasis Sur de la provincia.<\/p>\n<p>De este modo, a las tres aeronaves; remanentes de bengalas; sistema de radares y polvor\u00edn, <strong>la Provincia suma recursos para financiar la operaci\u00f3n del Sistema<\/strong>, en conjunto con los municipios de <em>General Alvear y San Rafael.\u00a0<\/em><\/p>\n<p>Cabe destacar que el sistema se encuentra operativo y ante la ocurrencia de celdas con par\u00e1metros de granizo durante los \u00faltimos d\u00edas, el programa oper\u00f3 con normalidad.<\/p>\n<p>El <span style=\"color: #003366;\"><strong>Intendente Alejandro Molero<\/strong><\/span>, presente en la firma del decreto, puso en valor <strong><em>\u201cel compromiso del Gobernador Cornejo y la decisi\u00f3n de la Provincia de apoyar y acompa\u00f1ar a los productores del Sur no s\u00f3lo con la lucha activa sino tambi\u00e9n con un sistema de seguro agr\u00edcola fortalecido y eficiente\u201d.\u00a0<\/em><\/strong><\/p>\n<h2>Fondo Compensador Agr\u00edcola<\/h2>\n<p>El nuevo Fondo Compensador Agr\u00edcola conocido como <strong>\u00abSeguro Agr\u00edcola\u00bb<\/strong> ofrece tres tipos de cobertura para adaptarse a las distintas necesidades de los productores:<\/p>\n<ul>\n<li>Cobertura Espec\u00edfica (Granizo): Compensaci\u00f3n de $1.500.000 por hect\u00e1rea afectada con da\u00f1o total.<\/li>\n<li>Cobertura Inicial (Granizo + Heladas): Compensaci\u00f3n de $600.000 por hect\u00e1rea con da\u00f1o total.<\/li>\n<li>Cobertura Integral (Granizo + Heladas): Compensaci\u00f3n de $1.500.000 por hect\u00e1rea con da\u00f1o total.<\/li>\n<li>Para los productores hort\u00edcolas, establece una compensaci\u00f3n de $120.000 por hect\u00e1rea en cualquiera de las coberturas. Es importante destacar que las compensaciones se efect\u00faan \u00fanicamente cuando el da\u00f1o supera el 50% y que solo se puede optar por un tipo de cobertura.<\/li>\n<\/ul>\n<p>El Ministerio de Producci\u00f3n inform\u00f3 que, a partir de hoy, y durante diez d\u00edas, <strong>se recibir\u00e1n las denuncias de los productores afectados por las tormentas del \u00faltimo fin de semana para acceder a la cobertura<\/strong> del Fondo Compensador Agr\u00edcola.<\/p>\n","protected":false},"excerpt":{"rendered":"<p>El Gobernador Alfredo Cornejo firm\u00f3 este jueves el decreto que establece un aporte complementario al Fideicomiso de Asistencia para la Lucha &#8230;<\/p>\n","protected":false},"author":7,"featured_media":141805,"comment_status":"open","ping_status":"open","sticky":false,"template":"","format":"standard","meta":{"footnotes":""},"categories":[5,10],"tags":[],"class_list":["post-141804","post","type-post","status-publish","format-standard","has-post-thumbnail","hentry","category-actualidad","category-destacadas"],"_links":{"self":[{"href":"https:\/\/vinasfm.com\/noticias\/wp-json\/wp\/v2\/posts\/141804","targetHints":{"allow":["GET"]}}],"collection":[{"href":"https:\/\/vinasfm.com\/noticias\/wp-json\/wp\/v2\/posts"}],"about":[{"href":"https:\/\/vinasfm.com\/noticias\/wp-json\/wp\/v2\/types\/post"}],"author":[{"embeddable":true,"href":"https:\/\/vinasfm.com\/noticias\/wp-json\/wp\/v2\/users\/7"}],"replies":[{"embeddable":true,"href":"https:\/\/vinasfm.com\/noticias\/wp-json\/wp\/v2\/comments?post=141804"}],"version-history":[{"count":2,"href":"https:\/\/vinasfm.com\/noticias\/wp-json\/wp\/v2\/posts\/141804\/revisions"}],"predecessor-version":[{"id":141807,"href":"https:\/\/vinasfm.com\/noticias\/wp-json\/wp\/v2\/posts\/141804\/revisions\/141807"}],"wp:featuredmedia":[{"embeddable":true,"href":"https:\/\/vinasfm.com\/noticias\/wp-json\/wp\/v2\/media\/141805"}],"wp:attachment":[{"href":"https:\/\/vinasfm.com\/noticias\/wp-json\/wp\/v2\/media?parent=141804"}],"wp:term":[{"taxonomy":"category","embeddable":true,"href":"https:\/\/vinasfm.com\/noticias\/wp-json\/wp\/v2\/categories?post=141804"},{"taxonomy":"post_tag","embeddable":true,"href":"https:\/\/vinasfm.com\/noticias\/wp-json\/wp\/v2\/tags?post=141804"}],"curies":[{"name":"wp","href":"https:\/\/api.w.org\/{rel}","templated":true}]}}