{"id":141792,"date":"2024-11-21T11:25:26","date_gmt":"2024-11-21T14:25:26","guid":{"rendered":"https:\/\/vinasfm.com\/noticias\/?p=141792"},"modified":"2024-11-22T09:28:10","modified_gmt":"2024-11-22T12:28:10","slug":"peculiaridades-y-desafios-educativos-una-capacitacion-destinada-a-docentes-de-nivel-inicial","status":"publish","type":"post","link":"https:\/\/vinasfm.com\/noticias\/peculiaridades-y-desafios-educativos-una-capacitacion-destinada-a-docentes-de-nivel-inicial\/","title":{"rendered":"\u201cPECULIARIDADES Y DESAF\u00cdOS EDUCATIVOS\u201d, UNA CAPACITACI\u00d3N DESTINADA A DOCENTES DE NIVEL INICIAL"},"content":{"rendered":"<h4><span style=\"color: #000000;\">La misma tendr\u00e1 lugar este s\u00e1bado 23 de noviembre, desde las 09:00 horas, en el Sal\u00f3n Fern\u00e1ndez del Predio Ferial.<\/span><\/h4>\n<p><span style=\"color: #000000;\"><em>\u201cPeculiaridades y Desaf\u00edos Educativos\u201d<\/em> buscar\u00e1 profundizar en el rol que cumplen los docentes en la primera infancia. El <em>director de Educaci\u00f3n de la Comuna<\/em>, <span style=\"color: #003366;\"><strong>Jos\u00e9 Mor\u00e1n<\/strong><\/span>, indic\u00f3 que <em><strong>\u201cesta jornada abarcar\u00e1 los distintos momentos de la educaci\u00f3n, desde que los ni\u00f1os ingresan a os jardines maternales\u201d.<\/strong><\/em><\/span><\/p>\n<p><span style=\"color: #000000;\">La capacitaci\u00f3n que ser\u00e1 presencial y contar\u00e1 con puntaje docente, estar\u00e1 a cargo de la <span style=\"color: #003366;\"><strong>Lic. Laura Pitluk<\/strong><\/span>,<em> especialista en Nivel Inicial, asesora y capacitadora en instituciones educativas en todos los niveles, organizadora y participante en diversos congresos, cursos y jornadas educativas, y profesora de Ciencias de la Educaci\u00f3n.<\/em> Adem\u00e1s, se destaca por ser quien est\u00e1 a cargo de los dise\u00f1os curriculares en todo el territorio nacional. <\/span><\/p>\n<p><span style=\"color: #000000;\">Con cupos limitados, la capacitaci\u00f3n destinada a docentes de jardines maternales y nivel inicial del Sur de Mendoza, se desarrollar\u00e1 el d\u00eda s\u00e1bado 23 de noviembre desde las 09:00 hasta las 18:00 horas en el Sal\u00f3n Fern\u00e1ndez \u00a0del Predio Ferial. <strong>Los interesados podr\u00e1n inscribirse abonando $3.000 en la Caja Municipal.<\/strong><br \/>\n<a href=\"https:\/\/vinasfm.com\/noticias\/wp-content\/uploads\/2024\/11\/IMG-20241111-WA0011.jpg\"><img loading=\"lazy\" decoding=\"async\" class=\"alignnone wp-image-141794\" src=\"https:\/\/vinasfm.com\/noticias\/wp-content\/uploads\/2024\/11\/IMG-20241111-WA0011-884x1024.jpg\" alt=\"\" width=\"432\" height=\"500\" \/><\/a><br \/>\n<\/span><\/p>\n<h2><span style=\"color: #000000;\">Puntaje Docente:<\/span><\/h2>\n<ul>\n<li><span style=\"color: #000000;\">T\u00edtulos de base con 3 puntos: 0,004050<\/span><\/li>\n<li><span style=\"color: #000000;\">T\u00edtulos de base con 16 puntos: 0,021600<\/span><\/li>\n<\/ul>\n","protected":false},"excerpt":{"rendered":"<p>La misma tendr\u00e1 lugar este s\u00e1bado 23 de noviembre, desde las 09:00 horas, en el Sal\u00f3n Fern\u00e1ndez del Predio Ferial. \u201cPeculiaridades &#8230;<\/p>\n","protected":false},"author":7,"featured_media":141794,"comment_status":"open","ping_status":"open","sticky":false,"template":"","format":"standard","meta":{"footnotes":""},"categories":[10,18],"tags":[],"class_list":["post-141792","post","type-post","status-publish","format-standard","has-post-thumbnail","hentry","category-destacadas","category-educacion"],"_links":{"self":[{"href":"https:\/\/vinasfm.com\/noticias\/wp-json\/wp\/v2\/posts\/141792","targetHints":{"allow":["GET"]}}],"collection":[{"href":"https:\/\/vinasfm.com\/noticias\/wp-json\/wp\/v2\/posts"}],"about":[{"href":"https:\/\/vinasfm.com\/noticias\/wp-json\/wp\/v2\/types\/post"}],"author":[{"embeddable":true,"href":"https:\/\/vinasfm.com\/noticias\/wp-json\/wp\/v2\/users\/7"}],"replies":[{"embeddable":true,"href":"https:\/\/vinasfm.com\/noticias\/wp-json\/wp\/v2\/comments?post=141792"}],"version-history":[{"count":1,"href":"https:\/\/vinasfm.com\/noticias\/wp-json\/wp\/v2\/posts\/141792\/revisions"}],"predecessor-version":[{"id":141795,"href":"https:\/\/vinasfm.com\/noticias\/wp-json\/wp\/v2\/posts\/141792\/revisions\/141795"}],"wp:featuredmedia":[{"embeddable":true,"href":"https:\/\/vinasfm.com\/noticias\/wp-json\/wp\/v2\/media\/141794"}],"wp:attachment":[{"href":"https:\/\/vinasfm.com\/noticias\/wp-json\/wp\/v2\/media?parent=141792"}],"wp:term":[{"taxonomy":"category","embeddable":true,"href":"https:\/\/vinasfm.com\/noticias\/wp-json\/wp\/v2\/categories?post=141792"},{"taxonomy":"post_tag","embeddable":true,"href":"https:\/\/vinasfm.com\/noticias\/wp-json\/wp\/v2\/tags?post=141792"}],"curies":[{"name":"wp","href":"https:\/\/api.w.org\/{rel}","templated":true}]}}