{"id":141776,"date":"2024-11-21T09:29:18","date_gmt":"2024-11-21T12:29:18","guid":{"rendered":"https:\/\/vinasfm.com\/noticias\/?p=141776"},"modified":"2024-11-22T09:29:23","modified_gmt":"2024-11-22T12:29:23","slug":"ramiro-labay-anuncio-nuevas-areas-dentro-de-la-camara-de-comercio","status":"publish","type":"post","link":"https:\/\/vinasfm.com\/noticias\/ramiro-labay-anuncio-nuevas-areas-dentro-de-la-camara-de-comercio\/","title":{"rendered":"RAMIRO LABAY ANUNCI\u00d3 NUEVAS \u00c1REAS DENTRO DE LA C\u00c1MARA DE COMERCIO"},"content":{"rendered":"<h4><span style=\"color: #000000;\">El pasado martes se celebr\u00f3 una nueva Asamblea General Ordinaria en donde, entre cosas, se renov\u00f3 parte de la Comisi\u00f3n Directiva.<\/span><\/h4>\n<p><span style=\"color: #000000;\">En conferencia de prensa, el <em>presidente de la C\u00e1mara de Comercio, Ganader\u00eda e Industria<\/em>, <span style=\"color: #003366;\"><strong>Ramiro Labay<\/strong><\/span>; se\u00f1al\u00f3 que <em><strong>\u201ccontamos con gran participaci\u00f3n de socios en la Asamblea, reafirmando su compromiso con la Instituci\u00f3n\u201d.<\/strong><\/em> En ese sentido, Labay anunci\u00f3 que <em><strong>\u201cuna de las novedades es que dentro de la Espec\u00edfica de Ganader\u00eda vamos a agregar un sector destinado a la producci\u00f3n Ap\u00edcola. Esto porque consideramos que es una actividad muy importante en la regi\u00f3n pero poco representado\u201d.<\/strong> <\/em>De esta manera, la C\u00e1mara de Comercio de General Alvear se convierte en una de las primeras C\u00e1maras Empresariales es destinar un espacio a mencionada actividad.<\/span><\/p>\n<p><span style=\"color: #000000;\">Por otro lado, el presidente de la C\u00e1mara anunci\u00f3 la creaci\u00f3n de la Espec\u00edfica de Servicios, la cual estar\u00e1 a cargo de Nicol\u00e1s Alonso. <strong><em>\u201cQueremos generar un ecosistema m\u00e1s amigable entre todos los asociados, logrando que emprendimientos de caba\u00f1as tengan contacto directo con emprendedores gastron\u00f3micos y otros prestadores de servicios\u201d<\/em><\/strong>, explic\u00f3<\/span><\/p>\n<p><span style=\"color: #000000;\">Realizando un balance sobre su gesti\u00f3n al frente de la Instituci\u00f3n, Ramiro Labay se\u00f1al\u00f3 que <em><strong>\u201csiempre esperamos que los asociados nos traigan propuestas que podamos llevar a cabo, siempre acompa\u00f1ados de la Comisi\u00f3n Directiva\u201d.<\/strong><\/em> Algunos de los temas m\u00e1s importantes en los que la C\u00e1mara tuvo una notable participaci\u00f3n fueron la <strong>Lucha Antigranizo<\/strong>, el <strong>C\u00f3digo de Aguas<\/strong> y otros temas puntuales pedidos directamente al Sr Gobernador Alfredo Cornejo durante la Fiesta Nacional de la Ganader\u00eda.<\/span><\/p>\n<p><span style=\"color: #000000;\">Por \u00faltimo, Labay sostuvo que <em><strong>\u201ces sumamente importante tener buen di\u00e1logo con la parte pol\u00edtica para tener una respuesta favorable a nuestras propuestas y peticiones\u201d.<\/strong><\/em><\/span><\/p>\n","protected":false},"excerpt":{"rendered":"<p>El pasado martes se celebr\u00f3 una nueva Asamblea General Ordinaria en donde, entre cosas, se renov\u00f3 parte de la Comisi\u00f3n Directiva. &#8230;<\/p>\n","protected":false},"author":7,"featured_media":141777,"comment_status":"open","ping_status":"open","sticky":false,"template":"","format":"standard","meta":{"footnotes":""},"categories":[32,10],"tags":[],"class_list":["post-141776","post","type-post","status-publish","format-standard","has-post-thumbnail","hentry","category-camara-de-comercio","category-destacadas"],"_links":{"self":[{"href":"https:\/\/vinasfm.com\/noticias\/wp-json\/wp\/v2\/posts\/141776","targetHints":{"allow":["GET"]}}],"collection":[{"href":"https:\/\/vinasfm.com\/noticias\/wp-json\/wp\/v2\/posts"}],"about":[{"href":"https:\/\/vinasfm.com\/noticias\/wp-json\/wp\/v2\/types\/post"}],"author":[{"embeddable":true,"href":"https:\/\/vinasfm.com\/noticias\/wp-json\/wp\/v2\/users\/7"}],"replies":[{"embeddable":true,"href":"https:\/\/vinasfm.com\/noticias\/wp-json\/wp\/v2\/comments?post=141776"}],"version-history":[{"count":1,"href":"https:\/\/vinasfm.com\/noticias\/wp-json\/wp\/v2\/posts\/141776\/revisions"}],"predecessor-version":[{"id":141779,"href":"https:\/\/vinasfm.com\/noticias\/wp-json\/wp\/v2\/posts\/141776\/revisions\/141779"}],"wp:featuredmedia":[{"embeddable":true,"href":"https:\/\/vinasfm.com\/noticias\/wp-json\/wp\/v2\/media\/141777"}],"wp:attachment":[{"href":"https:\/\/vinasfm.com\/noticias\/wp-json\/wp\/v2\/media?parent=141776"}],"wp:term":[{"taxonomy":"category","embeddable":true,"href":"https:\/\/vinasfm.com\/noticias\/wp-json\/wp\/v2\/categories?post=141776"},{"taxonomy":"post_tag","embeddable":true,"href":"https:\/\/vinasfm.com\/noticias\/wp-json\/wp\/v2\/tags?post=141776"}],"curies":[{"name":"wp","href":"https:\/\/api.w.org\/{rel}","templated":true}]}}