{"id":141727,"date":"2024-11-20T08:39:21","date_gmt":"2024-11-20T11:39:21","guid":{"rendered":"https:\/\/vinasfm.com\/noticias\/?p=141727"},"modified":"2024-11-21T10:29:26","modified_gmt":"2024-11-21T13:29:26","slug":"el-sistema-de-lucha-antigranizo-opero-en-la-jornada-del-martes","status":"publish","type":"post","link":"https:\/\/vinasfm.com\/noticias\/el-sistema-de-lucha-antigranizo-opero-en-la-jornada-del-martes\/","title":{"rendered":"EL SISTEMA DE LUCHA ANTIGRANIZO OPER\u00d3 EN LA JORNADA DEL MARTES"},"content":{"rendered":"<h4><span style=\"color: #000000;\">Con emoci\u00f3n, el Sr. Intendente Alejandro Molero dio a conocer las tareas realizadas por las aeronaves. <\/span><\/h4>\n<p><span style=\"color: #000000;\">En las primeras horas de la tarde del d\u00eda martes despeg\u00f3 el primer avi\u00f3n del sistema de Lucha Antigranizo.<strong> \u00abTras algunas horas de trabajo, logramos desarmar la primera celda de granizo\u00bb<\/strong>, public\u00f3 el Mandatario en su perfil de Facebook. <\/span><\/p>\n<p><span style=\"color: #000000;\">El Sistema continu\u00f3 en guardia durante el resto de la jornada ante el pron\u00f3stico de tormentas severas. <strong>\u00abTrabajamos para proteger el Oasis Sur y cuidar lo que m\u00e1s queremos\u00bb<\/strong>, poste\u00f3 Molero. <\/span><\/p>\n<p><span style=\"color: #000000;\">El trabajo realizado por las aeronaves y pilotos dio buenos resultados, evitando as\u00ed la ca\u00edda de granizo durante las horas de tormenta.<strong> El dato alentador confirma la efectividad y necesidad del Sistema de Lucha Antigranizo.<\/strong><\/span><\/p>\n","protected":false},"excerpt":{"rendered":"<p>Con emoci\u00f3n, el Sr. Intendente Alejandro Molero dio a conocer las tareas realizadas por las aeronaves. En las primeras horas de &#8230;<\/p>\n","protected":false},"author":7,"featured_media":141728,"comment_status":"open","ping_status":"open","sticky":false,"template":"","format":"standard","meta":{"footnotes":""},"categories":[10,197],"tags":[],"class_list":["post-141727","post","type-post","status-publish","format-standard","has-post-thumbnail","hentry","category-destacadas","category-lucha-antigranizo"],"_links":{"self":[{"href":"https:\/\/vinasfm.com\/noticias\/wp-json\/wp\/v2\/posts\/141727","targetHints":{"allow":["GET"]}}],"collection":[{"href":"https:\/\/vinasfm.com\/noticias\/wp-json\/wp\/v2\/posts"}],"about":[{"href":"https:\/\/vinasfm.com\/noticias\/wp-json\/wp\/v2\/types\/post"}],"author":[{"embeddable":true,"href":"https:\/\/vinasfm.com\/noticias\/wp-json\/wp\/v2\/users\/7"}],"replies":[{"embeddable":true,"href":"https:\/\/vinasfm.com\/noticias\/wp-json\/wp\/v2\/comments?post=141727"}],"version-history":[{"count":1,"href":"https:\/\/vinasfm.com\/noticias\/wp-json\/wp\/v2\/posts\/141727\/revisions"}],"predecessor-version":[{"id":141729,"href":"https:\/\/vinasfm.com\/noticias\/wp-json\/wp\/v2\/posts\/141727\/revisions\/141729"}],"wp:featuredmedia":[{"embeddable":true,"href":"https:\/\/vinasfm.com\/noticias\/wp-json\/wp\/v2\/media\/141728"}],"wp:attachment":[{"href":"https:\/\/vinasfm.com\/noticias\/wp-json\/wp\/v2\/media?parent=141727"}],"wp:term":[{"taxonomy":"category","embeddable":true,"href":"https:\/\/vinasfm.com\/noticias\/wp-json\/wp\/v2\/categories?post=141727"},{"taxonomy":"post_tag","embeddable":true,"href":"https:\/\/vinasfm.com\/noticias\/wp-json\/wp\/v2\/tags?post=141727"}],"curies":[{"name":"wp","href":"https:\/\/api.w.org\/{rel}","templated":true}]}}