{"id":141719,"date":"2024-11-19T12:12:05","date_gmt":"2024-11-19T15:12:05","guid":{"rendered":"https:\/\/vinasfm.com\/noticias\/?p=141719"},"modified":"2024-11-19T12:12:05","modified_gmt":"2024-11-19T15:12:05","slug":"bowen-celebro-el-cierre-de-ano-de-los-talleres-municipales","status":"publish","type":"post","link":"https:\/\/vinasfm.com\/noticias\/bowen-celebro-el-cierre-de-ano-de-los-talleres-municipales\/","title":{"rendered":"BOWEN CELEBR\u00d3 EL CIERRE DE A\u00d1O DE LOS TALLERES MUNICIPALES"},"content":{"rendered":"<h4><span style=\"color: #000000;\">Los mismos abarcan diversas \u00e1reas como cultura, educaci\u00f3n, discapacidad y deporte. <\/span><\/h4>\n<p><span style=\"color: #000000;\">El balance del a\u00f1o es muy positivo, evidenciado por una significativa cantidad de inscripciones y una participaci\u00f3n continua en las actividades. Este esfuerzo refleja el objetivo de la Direcci\u00f3n de Cultura: <strong>acercar los talleres a comunidades que tradicionalmente no tienen acceso al centro del departamento, brindando oportunidades en sus propios barrios y escuelas.<\/strong><\/span><\/p>\n<p><span style=\"color: #000000;\"><span style=\"color: #003366;\"><strong>Mar\u00eda Delia Achetoni<\/strong><\/span>, <em>a cargo de la Direcci\u00f3n de Cultura<\/em>, destac\u00f3: <strong>\u201cEl balance es muy positivo porque muchos inscriptos no solo se han registrado, sino que han permanecido durante todo el a\u00f1o, asistiendo a todas las clases de las diferentes actividades. Es un logro significativo que se manifiesta en este encuentro. Uno de los objetivos es llegar a todos los puntos del departamento, donde muchas personas no tienen acceso al centro. Queremos ofrecer la posibilidad de participar en su barrio, en la escuela o en el sal\u00f3n comunitario\u201d.<\/strong><\/span><\/p>\n<p><span style=\"color: #000000;\">Entre los testimonios de los participantes, <span style=\"color: #003366;\"><strong>Gabriela Hidalgo<\/strong><\/span> comparti\u00f3 su experiencia tras asistir a un taller de costura durante tres meses. Gabriela expres\u00f3 su agradecimiento por el espacio y los recursos brindados para este tipo de talleres, que no solo son terap\u00e9uticos, sino que tambi\u00e9n abren puertas a oportunidades laborales. Resalt\u00f3 la importancia de expandir el acceso a estos programas en zonas rurales para beneficiar a m\u00e1s personas. <strong><em>\u201cLas participantes utilizan las habilidades adquiridas para dise\u00f1ar su propia ropa y ayudar a sus familias. Espero que el pr\u00f3ximo a\u00f1o se sumen m\u00e1s personas al taller\u201d<\/em><\/strong>, concluy\u00f3.<\/span><\/p>\n","protected":false},"excerpt":{"rendered":"<p>Los mismos abarcan diversas \u00e1reas como cultura, educaci\u00f3n, discapacidad y deporte. El balance del a\u00f1o es muy positivo, evidenciado por una &#8230;<\/p>\n","protected":false},"author":7,"featured_media":141721,"comment_status":"open","ping_status":"open","sticky":false,"template":"","format":"standard","meta":{"footnotes":""},"categories":[1],"tags":[],"class_list":["post-141719","post","type-post","status-publish","format-standard","has-post-thumbnail","hentry","category-fmvinas"],"_links":{"self":[{"href":"https:\/\/vinasfm.com\/noticias\/wp-json\/wp\/v2\/posts\/141719","targetHints":{"allow":["GET"]}}],"collection":[{"href":"https:\/\/vinasfm.com\/noticias\/wp-json\/wp\/v2\/posts"}],"about":[{"href":"https:\/\/vinasfm.com\/noticias\/wp-json\/wp\/v2\/types\/post"}],"author":[{"embeddable":true,"href":"https:\/\/vinasfm.com\/noticias\/wp-json\/wp\/v2\/users\/7"}],"replies":[{"embeddable":true,"href":"https:\/\/vinasfm.com\/noticias\/wp-json\/wp\/v2\/comments?post=141719"}],"version-history":[{"count":1,"href":"https:\/\/vinasfm.com\/noticias\/wp-json\/wp\/v2\/posts\/141719\/revisions"}],"predecessor-version":[{"id":141722,"href":"https:\/\/vinasfm.com\/noticias\/wp-json\/wp\/v2\/posts\/141719\/revisions\/141722"}],"wp:featuredmedia":[{"embeddable":true,"href":"https:\/\/vinasfm.com\/noticias\/wp-json\/wp\/v2\/media\/141721"}],"wp:attachment":[{"href":"https:\/\/vinasfm.com\/noticias\/wp-json\/wp\/v2\/media?parent=141719"}],"wp:term":[{"taxonomy":"category","embeddable":true,"href":"https:\/\/vinasfm.com\/noticias\/wp-json\/wp\/v2\/categories?post=141719"},{"taxonomy":"post_tag","embeddable":true,"href":"https:\/\/vinasfm.com\/noticias\/wp-json\/wp\/v2\/tags?post=141719"}],"curies":[{"name":"wp","href":"https:\/\/api.w.org\/{rel}","templated":true}]}}