{"id":141704,"date":"2024-11-19T11:28:38","date_gmt":"2024-11-19T14:28:38","guid":{"rendered":"https:\/\/vinasfm.com\/noticias\/?p=141704"},"modified":"2024-11-19T11:28:38","modified_gmt":"2024-11-19T14:28:38","slug":"la-biblioteca-sarmiento-fue-el-escenario-del-encuentro-tinta-y-garabato","status":"publish","type":"post","link":"https:\/\/vinasfm.com\/noticias\/la-biblioteca-sarmiento-fue-el-escenario-del-encuentro-tinta-y-garabato\/","title":{"rendered":"LA BIBLIOTECA SARMIENTO FUE EL ESCENARIO DEL ENCUENTRO \u00abTINTA Y GARABATO\u00bb"},"content":{"rendered":"<h4><span style=\"color: #000000;\">La Biblioteca Sarmiento fue el escenario de un vibrante d\u00eda de actividades durante el evento \u201cTinta y Garabato\u201d, que atrajo a personas de todas las edades y ofreci\u00f3 una variedad de talleres y espect\u00e1culos. <\/span><\/h4>\n<p><span style=\"color: #000000;\">Entre las actividades destacadas se encontraron talleres de dibujo y c\u00f3mics, una feria cultural, la proyecci\u00f3n de la pel\u00edcula mendocina <em>\u00abDr. Cerebro\u00bb<\/em> y la esperada <em>\u00abNoche de Vinilos\u00bb<\/em>, donde los amantes de la m\u00fasica pudieron disfrutar de vinilos cl\u00e1sicos.<\/span><\/p>\n<p><span style=\"color: #000000;\">La participaci\u00f3n entusiasta de los j\u00f3venes fue uno de los aspectos m\u00e1s destacados del evento, lo que refleja un creciente inter\u00e9s en actividades culturales dentro del departamento. <span style=\"color: #003366;\"><strong>Mar\u00eda Delia Achetoni<\/strong><\/span>, <em>directora de Cultura<\/em>, expres\u00f3 su satisfacci\u00f3n por el \u00e9xito del encuentro: <strong><em>\u201cEstamos convencidos de que podemos seguir haciendo este tipo de actividades porque hay mucha gente en el departamento que lo quiere\u201d.<\/em> <\/strong>Esta afirmaci\u00f3n resalta el compromiso de la Direcci\u00f3n para continuar impulsando iniciativas que fomenten la cultura y el arte local.<\/span><\/p>\n<p><span style=\"color: #000000;\"><span style=\"color: #003366;\"><strong>Barbara Iba\u00f1ez<\/strong><\/span>, <em>integrante de la comisi\u00f3n de la Biblioteca Sarmiento<\/em>, tambi\u00e9n comparti\u00f3 su perspectiva sobre el evento: <em><strong>\u201cEl encuentro \u2018Tinta y Garabato\u2019 fue un \u00e9xito, con la participaci\u00f3n de talleristas desde la ma\u00f1ana, una concurrida feria y la esperada \u2018Noche de Vinilos\u2019. Hubo una gran asistencia de p\u00fablico, incluyendo gente de Mendoza, abarcando diversas edades, gracias al apoyo de la municipalidad y a la difusi\u00f3n\u201d.<\/strong><\/em> Con un balance muy positivo, Iba\u00f1ez destac\u00f3 que ya se est\u00e1n proyectando futuras actividades para el a\u00f1o 2025.<\/span><\/p>\n<p><span style=\"color: #000000;\">Uno de los talleres m\u00e1s interesantes fue el dirigido por <span style=\"color: #003366;\"><strong>Pablo P\u00e9rez<\/strong><\/span>, <em>artista a cargo del taller de Fanzine.<\/em> P\u00e9rez explic\u00f3 que estas publicaciones independientes suelen elaborarse con recursos limitados y tienen un car\u00e1cter artesanal. <strong><em>\u201cSon ediciones reducidas que buscan difundir ideas propias que muchas veces son contraculturales y no est\u00e1n presentes en los medios tradicionales\u201d<\/em><\/strong>, coment\u00f3. Su enfoque resalta la importancia del fanzine como medio para dar voz a perspectivas alternativas.<\/span><\/p>\n<p><span style=\"color: #000000;\">El evento <strong>\u201cTinta y Garabato\u201d<\/strong> no solo celebr\u00f3 la creatividad y el arte local, sino que tambi\u00e9n <strong>consolid\u00f3 el deseo comunitario por m\u00e1s espacios culturales.<\/strong> La colaboraci\u00f3n entre la Direcci\u00f3n de Cultura y la Biblioteca Sarmiento ha sido fundamental para el \u00e9xito del evento, dejando abierta la puerta a nuevas oportunidades para seguir enriqueciendo la vida cultural del departamento.<\/span><\/p>\n","protected":false},"excerpt":{"rendered":"<p>La Biblioteca Sarmiento fue el escenario de un vibrante d\u00eda de actividades durante el evento \u201cTinta y Garabato\u201d, que atrajo a &#8230;<\/p>\n","protected":false},"author":7,"featured_media":141713,"comment_status":"open","ping_status":"open","sticky":false,"template":"","format":"standard","meta":{"footnotes":""},"categories":[1],"tags":[],"class_list":["post-141704","post","type-post","status-publish","format-standard","has-post-thumbnail","hentry","category-fmvinas"],"_links":{"self":[{"href":"https:\/\/vinasfm.com\/noticias\/wp-json\/wp\/v2\/posts\/141704","targetHints":{"allow":["GET"]}}],"collection":[{"href":"https:\/\/vinasfm.com\/noticias\/wp-json\/wp\/v2\/posts"}],"about":[{"href":"https:\/\/vinasfm.com\/noticias\/wp-json\/wp\/v2\/types\/post"}],"author":[{"embeddable":true,"href":"https:\/\/vinasfm.com\/noticias\/wp-json\/wp\/v2\/users\/7"}],"replies":[{"embeddable":true,"href":"https:\/\/vinasfm.com\/noticias\/wp-json\/wp\/v2\/comments?post=141704"}],"version-history":[{"count":2,"href":"https:\/\/vinasfm.com\/noticias\/wp-json\/wp\/v2\/posts\/141704\/revisions"}],"predecessor-version":[{"id":141714,"href":"https:\/\/vinasfm.com\/noticias\/wp-json\/wp\/v2\/posts\/141704\/revisions\/141714"}],"wp:featuredmedia":[{"embeddable":true,"href":"https:\/\/vinasfm.com\/noticias\/wp-json\/wp\/v2\/media\/141713"}],"wp:attachment":[{"href":"https:\/\/vinasfm.com\/noticias\/wp-json\/wp\/v2\/media?parent=141704"}],"wp:term":[{"taxonomy":"category","embeddable":true,"href":"https:\/\/vinasfm.com\/noticias\/wp-json\/wp\/v2\/categories?post=141704"},{"taxonomy":"post_tag","embeddable":true,"href":"https:\/\/vinasfm.com\/noticias\/wp-json\/wp\/v2\/tags?post=141704"}],"curies":[{"name":"wp","href":"https:\/\/api.w.org\/{rel}","templated":true}]}}