{"id":141697,"date":"2024-11-19T10:36:09","date_gmt":"2024-11-19T13:36:09","guid":{"rendered":"https:\/\/vinasfm.com\/noticias\/?p=141697"},"modified":"2024-11-19T14:45:54","modified_gmt":"2024-11-19T17:45:54","slug":"una-camioneta-y-automovil-colisionaron-en-el-ingreso-al-monumento-al-general-san-martin","status":"publish","type":"post","link":"https:\/\/vinasfm.com\/noticias\/una-camioneta-y-automovil-colisionaron-en-el-ingreso-al-monumento-al-general-san-martin\/","title":{"rendered":"UNA CAMIONETA Y AUTOM\u00d3VIL COLISIONARON EN EL INGRESO AL MONUMENTO AL GENERAL SAN MART\u00cdN"},"content":{"rendered":"<h4><span style=\"color: #000000;\">El hecho ocurri\u00f3 en la ma\u00f1ana del martes, promediando las 10:00 horas.<\/span><\/h4>\n<p><span style=\"color: #000000;\">Seg\u00fan se pudo conocer, el siniestro vial fue protagonizado por una camioneta marca Toyota Hilux y un autom\u00f3vil marca Volkswagen.\u00a0<\/span><\/p>\n<p><span style=\"color: #000000;\">En el lugar trabaj\u00f3 personal policial para esclarecer el hecho.<\/span><\/p>\n","protected":false},"excerpt":{"rendered":"<p>El hecho ocurri\u00f3 en la ma\u00f1ana del martes, promediando las 10:00 horas. Seg\u00fan se pudo conocer, el siniestro vial fue protagonizado &#8230;<\/p>\n","protected":false},"author":7,"featured_media":141702,"comment_status":"open","ping_status":"open","sticky":false,"template":"","format":"standard","meta":{"footnotes":""},"categories":[1],"tags":[],"class_list":["post-141697","post","type-post","status-publish","format-standard","has-post-thumbnail","hentry","category-fmvinas"],"_links":{"self":[{"href":"https:\/\/vinasfm.com\/noticias\/wp-json\/wp\/v2\/posts\/141697","targetHints":{"allow":["GET"]}}],"collection":[{"href":"https:\/\/vinasfm.com\/noticias\/wp-json\/wp\/v2\/posts"}],"about":[{"href":"https:\/\/vinasfm.com\/noticias\/wp-json\/wp\/v2\/types\/post"}],"author":[{"embeddable":true,"href":"https:\/\/vinasfm.com\/noticias\/wp-json\/wp\/v2\/users\/7"}],"replies":[{"embeddable":true,"href":"https:\/\/vinasfm.com\/noticias\/wp-json\/wp\/v2\/comments?post=141697"}],"version-history":[{"count":3,"href":"https:\/\/vinasfm.com\/noticias\/wp-json\/wp\/v2\/posts\/141697\/revisions"}],"predecessor-version":[{"id":141723,"href":"https:\/\/vinasfm.com\/noticias\/wp-json\/wp\/v2\/posts\/141697\/revisions\/141723"}],"wp:featuredmedia":[{"embeddable":true,"href":"https:\/\/vinasfm.com\/noticias\/wp-json\/wp\/v2\/media\/141702"}],"wp:attachment":[{"href":"https:\/\/vinasfm.com\/noticias\/wp-json\/wp\/v2\/media?parent=141697"}],"wp:term":[{"taxonomy":"category","embeddable":true,"href":"https:\/\/vinasfm.com\/noticias\/wp-json\/wp\/v2\/categories?post=141697"},{"taxonomy":"post_tag","embeddable":true,"href":"https:\/\/vinasfm.com\/noticias\/wp-json\/wp\/v2\/tags?post=141697"}],"curies":[{"name":"wp","href":"https:\/\/api.w.org\/{rel}","templated":true}]}}