{"id":141689,"date":"2024-11-19T10:00:22","date_gmt":"2024-11-19T13:00:22","guid":{"rendered":"https:\/\/vinasfm.com\/noticias\/?p=141689"},"modified":"2024-11-19T10:00:22","modified_gmt":"2024-11-19T13:00:22","slug":"la-camara-de-comercio-convoca-a-una-asamblea-general-ordinaria-para-este-martes","status":"publish","type":"post","link":"https:\/\/vinasfm.com\/noticias\/la-camara-de-comercio-convoca-a-una-asamblea-general-ordinaria-para-este-martes\/","title":{"rendered":"LA C\u00c1MARA DE COMERCIO CONVOCA A UNA ASAMBLEA GENERAL ORDINARIA PARA ESTE MARTES"},"content":{"rendered":"<h4><span style=\"color: #000000;\">La misma tiene objetivo tratar temas trascendentales de la instituci\u00f3n y poner en valor la participaci\u00f3n activa de los socios de la C\u00e1mara de Comercio, Ganader\u00eda e Industria.<\/span><\/h4>\n<p><span style=\"color: #000000;\">Con el objetivo de seguir bregando por un presente y un futuro m\u00e1s pr\u00f3spero, la instituci\u00f3n convoca a una nueva Asamblea General Ordinaria para este martes 19 de noviembre, a las 20:00 horas, en la sede de Paso de Los Andes 525.<\/span><\/p>\n<p><strong><span style=\"color: #000000;\">Seg\u00fan se dio a conocer, los temas a tratar ser\u00e1n:<\/span><\/strong><\/p>\n<ol>\n<li><span style=\"color: #000000;\">Lectura y consideraci\u00f3n del acta de la Asamblea anterior.<\/span><\/li>\n<li><span style=\"color: #000000;\">Designaci\u00f3n de dos socios para firmar el acta de asamblea, junto con el presidente y el secretario.<\/span><\/li>\n<li><span style=\"color: #000000;\">Lectura, consideraci\u00f3n y aprobaci\u00f3n de la memoria, balance y dictamen de los revisores de cuentas del ejercicio finalizado el 31\/07\/2024.<\/span><\/li>\n<li><span style=\"color: #000000;\">Consideraci\u00f3n de la capitalizaci\u00f3n de resultados no asignados, seg\u00fan las normas estatutarias.<\/span><\/li>\n<li><span style=\"color: #000000;\">Renovaci\u00f3n parcial de la comisi\u00f3n directiva y revisora de cuentas por terminaci\u00f3n de mandatos.<\/span><\/li>\n<\/ol>\n<p><span style=\"color: #000000;\">Adem\u00e1s, desde la instituci\u00f3n destacaron que <em><strong>\u201csi a la hora indicada no se alcanza el qu\u00f3rum necesario, la Amblea comenzar\u00e1 una horas despu\u00e9s con los socios presentes, tal como lo establece del Art. 44 del Estatuto. En tanto, seg\u00fan el Art. 45, la Asamblea General se compondr\u00e1 de todos los socios que concurran a ella personalmente, la votaci\u00f3n ser\u00e1 secreta y por medio de listas. En consecuencia, no se permitir\u00e1 el voto por PODER, con excepci\u00f3n de las Personas Jur\u00eddicas\u201d.<\/strong><\/em><\/span><\/p>\n<p><span style=\"color: #000000;\">Por \u00faltimo, desde la Comisi\u00f3n Directiva de la C\u00e1mara de Comercio destacaron que <em><strong>\u201cla participaci\u00f3n es fundamental para seguir avanzando en os objetivos de la C\u00e1mara\u201d.<\/strong><\/em><\/span><\/p>\n","protected":false},"excerpt":{"rendered":"<p>La misma tiene objetivo tratar temas trascendentales de la instituci\u00f3n y poner en valor la participaci\u00f3n activa de los socios de &#8230;<\/p>\n","protected":false},"author":7,"featured_media":44262,"comment_status":"open","ping_status":"open","sticky":false,"template":"","format":"standard","meta":{"footnotes":""},"categories":[1],"tags":[],"class_list":["post-141689","post","type-post","status-publish","format-standard","has-post-thumbnail","hentry","category-fmvinas"],"_links":{"self":[{"href":"https:\/\/vinasfm.com\/noticias\/wp-json\/wp\/v2\/posts\/141689","targetHints":{"allow":["GET"]}}],"collection":[{"href":"https:\/\/vinasfm.com\/noticias\/wp-json\/wp\/v2\/posts"}],"about":[{"href":"https:\/\/vinasfm.com\/noticias\/wp-json\/wp\/v2\/types\/post"}],"author":[{"embeddable":true,"href":"https:\/\/vinasfm.com\/noticias\/wp-json\/wp\/v2\/users\/7"}],"replies":[{"embeddable":true,"href":"https:\/\/vinasfm.com\/noticias\/wp-json\/wp\/v2\/comments?post=141689"}],"version-history":[{"count":1,"href":"https:\/\/vinasfm.com\/noticias\/wp-json\/wp\/v2\/posts\/141689\/revisions"}],"predecessor-version":[{"id":141691,"href":"https:\/\/vinasfm.com\/noticias\/wp-json\/wp\/v2\/posts\/141689\/revisions\/141691"}],"wp:featuredmedia":[{"embeddable":true,"href":"https:\/\/vinasfm.com\/noticias\/wp-json\/wp\/v2\/media\/44262"}],"wp:attachment":[{"href":"https:\/\/vinasfm.com\/noticias\/wp-json\/wp\/v2\/media?parent=141689"}],"wp:term":[{"taxonomy":"category","embeddable":true,"href":"https:\/\/vinasfm.com\/noticias\/wp-json\/wp\/v2\/categories?post=141689"},{"taxonomy":"post_tag","embeddable":true,"href":"https:\/\/vinasfm.com\/noticias\/wp-json\/wp\/v2\/tags?post=141689"}],"curies":[{"name":"wp","href":"https:\/\/api.w.org\/{rel}","templated":true}]}}