{"id":141607,"date":"2024-11-15T09:56:24","date_gmt":"2024-11-15T12:56:24","guid":{"rendered":"https:\/\/vinasfm.com\/noticias\/?p=141607"},"modified":"2024-11-16T10:35:25","modified_gmt":"2024-11-16T13:35:25","slug":"molero-el-sur-mendocino-tiene-lucha-antigranizo","status":"publish","type":"post","link":"https:\/\/vinasfm.com\/noticias\/molero-el-sur-mendocino-tiene-lucha-antigranizo\/","title":{"rendered":"MOLERO: \u00abEL SUR MENDOCINO TIENE LUCHA ANTIGRANIZO\u00bb"},"content":{"rendered":"<h4><span style=\"color: #000000;\">Luego de recibir las aeronaves que estar\u00e1n ser\u00e1n responsables del sistema hasta el pr\u00f3ximo 10 de diciembre, el Sr Intendente se mostr\u00f3 entusiasta con el gran avance de la Lucha Antigranizo.<\/span><\/h4>\n<p><span style=\"color: #000000;\">Hace meses, cuando el <strong>Gobierno Provincial<\/strong> decisi\u00f3n suspender el <strong>Sistema de Mitigaci\u00f3n de la Lucha Antigranizo<\/strong>, el Jefe Comunal de General Alvear <strong>propuso mantenerla activa en el Sur Mendocino, cubriendo as\u00ed tambi\u00e9n a San Rafael.<\/strong><\/span><\/p>\n<p><span style=\"color: #000000;\">En la jornada del jueves, en medio de una serie de anuncios, <span style=\"color: #003366;\"><strong>Alejandro Molero<\/strong><\/span> celebr\u00f3 que<strong><em> \u201cse tomaron las medidas necesarias para revertir una decisi\u00f3n considerada irresponsable, hablando con quien ten\u00edamos que hablar y logrando los recursos necesarios para que hoy, el Oasis Sur de Mendoza, tenga defensa activa contra el granizo\u201d.\u00a0<\/em><\/strong> En ese contexto, el Mandatario agradeci\u00f3 el rol del <span style=\"color: #003366;\"><strong>Gobernador Alfredo Cornejo<\/strong><\/span> por <strong><em>\u201ccumplir con su palabra, la sesi\u00f3n en comodato de las aeronaves al Municipio, poner a disposici\u00f3n el sistema de redares y, lo m\u00e1s importante, poner el aporte m\u00e1s importante de las 3 patas\u201d.<\/em><\/strong><\/span><\/p>\n<p><span style=\"color: #000000;\">Sobre la adjudicaci\u00f3n de <strong>Weather Modification<\/strong>, la empresa que ser\u00e1 responsable de la Lucha Antigranizo a partir del 10 de diciembre, Molero se\u00f1al\u00f3 que<strong><em> \u201cfue la oferta m\u00e1s conveniente que contaba con sus propias aeronaves de \u00faltima generaci\u00f3n, bengalas de mayor reconocimiento y pilotos con mucha experiencia\u201d.<\/em> <\/strong>As\u00ed mismo se\u00f1alo que <em><strong>\u201cten\u00edamos un inconveniente ya que ese equipo de trabajo estaba realizando tareas similares en otras partes del mundo, lo que imposibilitaba su presencia en Mendoza antes del 10 de diciembre\u201d<\/strong><\/em>, la desprotecci\u00f3n por 30 d\u00edas de la regi\u00f3n y ante la ocurrencia de granizo en una vasta zona de San Rafael oblig\u00f3 a las comunas a ejecutar un plan b.<\/span><\/p>\n<p><span style=\"color: #000000;\">Antes de que Weather Modification comience a operar, <strong>la firma sanrafaeina Aviaci\u00f3n San Rafael S.A.A. ser\u00e1 la encargada de cubrir el mes sin lucha, de forma provisoria.<\/strong><\/span><\/p>\n","protected":false},"excerpt":{"rendered":"<p>Luego de recibir las aeronaves que estar\u00e1n ser\u00e1n responsables del sistema hasta el pr\u00f3ximo 10 de diciembre, el Sr Intendente se &#8230;<\/p>\n","protected":false},"author":7,"featured_media":141552,"comment_status":"open","ping_status":"open","sticky":false,"template":"","format":"standard","meta":{"footnotes":""},"categories":[5,197],"tags":[],"class_list":["post-141607","post","type-post","status-publish","format-standard","has-post-thumbnail","hentry","category-actualidad","category-lucha-antigranizo"],"_links":{"self":[{"href":"https:\/\/vinasfm.com\/noticias\/wp-json\/wp\/v2\/posts\/141607","targetHints":{"allow":["GET"]}}],"collection":[{"href":"https:\/\/vinasfm.com\/noticias\/wp-json\/wp\/v2\/posts"}],"about":[{"href":"https:\/\/vinasfm.com\/noticias\/wp-json\/wp\/v2\/types\/post"}],"author":[{"embeddable":true,"href":"https:\/\/vinasfm.com\/noticias\/wp-json\/wp\/v2\/users\/7"}],"replies":[{"embeddable":true,"href":"https:\/\/vinasfm.com\/noticias\/wp-json\/wp\/v2\/comments?post=141607"}],"version-history":[{"count":1,"href":"https:\/\/vinasfm.com\/noticias\/wp-json\/wp\/v2\/posts\/141607\/revisions"}],"predecessor-version":[{"id":141611,"href":"https:\/\/vinasfm.com\/noticias\/wp-json\/wp\/v2\/posts\/141607\/revisions\/141611"}],"wp:featuredmedia":[{"embeddable":true,"href":"https:\/\/vinasfm.com\/noticias\/wp-json\/wp\/v2\/media\/141552"}],"wp:attachment":[{"href":"https:\/\/vinasfm.com\/noticias\/wp-json\/wp\/v2\/media?parent=141607"}],"wp:term":[{"taxonomy":"category","embeddable":true,"href":"https:\/\/vinasfm.com\/noticias\/wp-json\/wp\/v2\/categories?post=141607"},{"taxonomy":"post_tag","embeddable":true,"href":"https:\/\/vinasfm.com\/noticias\/wp-json\/wp\/v2\/tags?post=141607"}],"curies":[{"name":"wp","href":"https:\/\/api.w.org\/{rel}","templated":true}]}}