{"id":141595,"date":"2024-11-15T08:22:07","date_gmt":"2024-11-15T11:22:07","guid":{"rendered":"https:\/\/vinasfm.com\/noticias\/?p=141595"},"modified":"2024-11-15T08:22:07","modified_gmt":"2024-11-15T11:22:07","slug":"nueva-capacitacion-en-combate-de-incendios-forestales-el-personal-se-prepara-para-la-temporada-de-riesgo","status":"publish","type":"post","link":"https:\/\/vinasfm.com\/noticias\/nueva-capacitacion-en-combate-de-incendios-forestales-el-personal-se-prepara-para-la-temporada-de-riesgo\/","title":{"rendered":"NUEVA CAPACITACI\u00d3N EN COMBATE DE INCENDIOS FORESTALES: EL PERSONAL SE PREPARA PARA LA TEMPORADA DE RIESGO"},"content":{"rendered":"<h4><span style=\"color: #000000;\">La capacitaci\u00f3n, a cargo del El Plan Provincial de Manejo del Fuego de Mendoza y del Servicio Nacional de Manejo del Fuego, fue realizada en modalidad combinada y refuerza la preparaci\u00f3n del personal en la lucha contra incendios forestales y destaca el esfuerzo continuo del Plan Provincial de Manejo del Fuego en la provincia.<\/span><\/h4>\n<p><span style=\"color: #000000;\">Mendoza contin\u00faa destac\u00e1ndose por su compromiso con la prevenci\u00f3n y manejo de incendios forestales. En esta ocasi\u00f3n, el <strong>Plan Provincial de Manejo del Fuego<\/strong> <em>(PPMF)<\/em> junto con el <strong>Servicio Nacional de Manejo del Fuego<\/strong> han llevado a cabo con gran \u00e9xito un curso de combatientes de incendios forestales <strong>dirigido a personal de bomberos y guardaparques de la reserva privada Villavicencio.<\/strong> Esta capacitaci\u00f3n es parte de las diversas iniciativas que el PPMF ha implementado este a\u00f1o para fortalecer la preparaci\u00f3n del personal que enfrenta situaciones de emergencia en \u00e1reas de alto riesgo.<\/span><\/p>\n<p><span style=\"color: #000000;\">El curso, que tuvo modalidad combinada (virtual y presencial), <strong>permiti\u00f3 que los participantes recibieran tanto formaci\u00f3n te\u00f3rica como pr\u00e1ctica.<\/strong> Durante la instancia presencial,<strong> se realiz\u00f3 un repaso exhaustivo de los contenidos y se evalu\u00f3 el desempe\u00f1o de los participantes<\/strong>, quienes demostraron alto nivel de compromiso y capacitaci\u00f3n.<\/span><\/p>\n<p><span style=\"color: #000000;\"><strong><span style=\"color: #003366;\">Diego Mart\u00ed<\/span><\/strong>, <em>coordinador del Plan Provincial de Manejo del Fuego<\/em>, destac\u00f3 la importancia de esta capacitaci\u00f3n:<strong><em> \u201cSe realiz\u00f3 con \u00e9xito el curso de combatientes de incendios forestales dirigido a personal de bomberos y personal de guardaparques de la reserva privada Villavicencio. El curso se efectu\u00f3 de forma combinada, virtual y presencial, y esta es la instancia presencial donde se hizo un repaso y se evalu\u00f3 a los participantes\u201d.<\/em><\/strong><\/span><\/p>\n<p><span style=\"color: #000000;\">Cabe destacar que el<strong> Plan Provincial de Manejo del Fuego<\/strong> contin\u00faa llevando a cabo capacitaciones a lo largo del a\u00f1o, que han demostrado<strong> ser fundamentales para el fortalecimiento de los recursos humanos en la lucha contra incendios forestales.<\/strong> Esta capacitaci\u00f3n, junto con otras realizadas en diferentes puntos de la provincia, subraya el gran trabajo que se viene realizando en Mendoza para prevenir y controlar incendios forestales, especialmente en un contexto de cambio clim\u00e1tico que plantea desaf\u00edos cada vez mayores.<\/span><\/p>\n<h2><span style=\"color: #000000;\"><strong>Recomendaciones generales para prevenir y combatir incendios forestales<\/strong>:<\/span><\/h2>\n<ul>\n<li><span style=\"color: #000000;\"><strong>No realizar fuego<\/strong> fuera de las \u00e1reas de recreaci\u00f3n destinadas para ese fin y extremar las medidas de control en ellas.<\/span><\/li>\n<li><span style=\"color: #000000;\">En caso de observar el uso del fuego como herramienta de limpieza o incendio, <strong>avisar inmediatamente al 911.<\/strong><\/span><\/li>\n<li><span style=\"color: #000000;\">Monitoreo constante: <strong>estar atento a los informes meteorol\u00f3gicos<\/strong> y el \u00cdndice de Peligro de Incendio.<\/span><\/li>\n<li><span style=\"color: #000000;\">Mantenimiento de \u00e1reas verdes: <strong>realizar limpiezas y desmalezados<\/strong> en \u00e1reas adyacentes a bosques y zonas forestales.<\/span><\/li>\n<li><span style=\"color: #000000;\"><strong>Realizar las picadas cortafuego seg\u00fan la Ley 6099<\/strong> y normativa vigente, ya que las mismas contribuyen al manejo y control de incendios, adem\u00e1s de proteger la infraestructura del campo.<\/span><\/li>\n<li><span style=\"color: #000000;\">Capacitaci\u00f3n continua: <strong>Participar en talleres y cursos relacionados<\/strong> con la prevenci\u00f3n y combate de incendios.<\/span><\/li>\n<li><span style=\"color: #000000;\">Comunicaci\u00f3n efectiva: <strong>mantener l\u00edneas de comunicaci\u00f3n abiertas<\/strong> entre las distintas instituciones involucradas.<\/span><\/li>\n<li><span style=\"color: #000000;\">Planificaci\u00f3n de recursos: <strong>disponer de un plan claro para el uso y distribuci\u00f3n de recursos h\u00eddricos<\/strong> en situaciones de emergencia.<\/span><\/li>\n<li><span style=\"color: #000000;\">Reportar incendios:<strong> Informar de manera inmediata<\/strong> a las autoridades sobre cualquier indicio de incendio.<\/span><\/li>\n<li><span style=\"color: #000000;\">Si su vivienda se encuentra en zonas con vegetaci\u00f3n circundante, <strong>realice el despeje alrededor y prefiera los cercos verdes<\/strong> para mitigar la acci\u00f3n del fuego en caso de incendio.<\/span><br \/>\n<span style=\"color: #000000;\">Con respecto a la legislaci\u00f3n que pena las acciones de uso prohibido del fuego (Ley 6099 de prevenci\u00f3n y lucha de incendios), estableciendo <strong>multas de entre $ 50.800 y $ 17.780.000 para aquellos que, sin causar un incendio, encendieran fuego en zona urbana o rural en los caminos y en zonas de esparcimiento (p\u00fablicas o privadas), en calles, acequias, puentes, banquinas o basurales, sea quemando hojas, ramas, madera, basura etc.<\/strong><\/span><\/li>\n<\/ul>\n<p><span style=\"color: #000000;\">El C\u00f3digo Penal <strong>prev\u00e9 entre 3 y 20 a\u00f1os de prisi\u00f3n<\/strong>, dependiendo de los da\u00f1os ocasionados por incendios.<\/span><\/p>\n<p><span style=\"color: #000000;\">Est\u00e1 totalmente prohibido el <strong>uso de fuego para quemar pastizales, basura acumulada, limpieza de lotes, quema de fincas abandonadas, preparaci\u00f3n de suelos para cultivos, limpieza de banquinas, acequias y canales, quemas clandestinas de campos y quema de remanentes de siembra.<\/strong> Para denunciar estos siniestros, llamar al 911.<\/span><\/p>\n<p><span style=\"color: #000000;\">El esfuerzo del Plan Provincial de Manejo del Fuego es clave en la protecci\u00f3n de nuestros bosques y reservas. Su trabajo continuo permite fortalecer las capacidades de quienes est\u00e1n en la primera l\u00ednea de defensa contra los incendios forestales.<\/span><\/p>\n","protected":false},"excerpt":{"rendered":"<p>La capacitaci\u00f3n, a cargo del El Plan Provincial de Manejo del Fuego de Mendoza y del Servicio Nacional de Manejo del &#8230;<\/p>\n","protected":false},"author":7,"featured_media":141596,"comment_status":"open","ping_status":"open","sticky":false,"template":"","format":"standard","meta":{"footnotes":""},"categories":[1],"tags":[],"class_list":["post-141595","post","type-post","status-publish","format-standard","has-post-thumbnail","hentry","category-fmvinas"],"_links":{"self":[{"href":"https:\/\/vinasfm.com\/noticias\/wp-json\/wp\/v2\/posts\/141595","targetHints":{"allow":["GET"]}}],"collection":[{"href":"https:\/\/vinasfm.com\/noticias\/wp-json\/wp\/v2\/posts"}],"about":[{"href":"https:\/\/vinasfm.com\/noticias\/wp-json\/wp\/v2\/types\/post"}],"author":[{"embeddable":true,"href":"https:\/\/vinasfm.com\/noticias\/wp-json\/wp\/v2\/users\/7"}],"replies":[{"embeddable":true,"href":"https:\/\/vinasfm.com\/noticias\/wp-json\/wp\/v2\/comments?post=141595"}],"version-history":[{"count":1,"href":"https:\/\/vinasfm.com\/noticias\/wp-json\/wp\/v2\/posts\/141595\/revisions"}],"predecessor-version":[{"id":141597,"href":"https:\/\/vinasfm.com\/noticias\/wp-json\/wp\/v2\/posts\/141595\/revisions\/141597"}],"wp:featuredmedia":[{"embeddable":true,"href":"https:\/\/vinasfm.com\/noticias\/wp-json\/wp\/v2\/media\/141596"}],"wp:attachment":[{"href":"https:\/\/vinasfm.com\/noticias\/wp-json\/wp\/v2\/media?parent=141595"}],"wp:term":[{"taxonomy":"category","embeddable":true,"href":"https:\/\/vinasfm.com\/noticias\/wp-json\/wp\/v2\/categories?post=141595"},{"taxonomy":"post_tag","embeddable":true,"href":"https:\/\/vinasfm.com\/noticias\/wp-json\/wp\/v2\/tags?post=141595"}],"curies":[{"name":"wp","href":"https:\/\/api.w.org\/{rel}","templated":true}]}}