{"id":141586,"date":"2024-11-14T19:45:33","date_gmt":"2024-11-14T22:45:33","guid":{"rendered":"https:\/\/vinasfm.com\/noticias\/?p=141586"},"modified":"2024-11-14T20:57:14","modified_gmt":"2024-11-14T23:57:14","slug":"con-la-presencia-de-la-vicegoebrnadora-molero-inauguro-el-b-uspallata-y-tijera","status":"publish","type":"post","link":"https:\/\/vinasfm.com\/noticias\/con-la-presencia-de-la-vicegoebrnadora-molero-inauguro-el-b-uspallata-y-tijera\/","title":{"rendered":"CON LA PRESENCIA DE LA VICEGOBERNADORA, MOLERO INAUGUR\u00d3 EL B\u00b0 USPALLATA Y TIJERA"},"content":{"rendered":"<h4>11 nuevas familias lograron el sue\u00f1o de la casa propia gracias al Programa Mi Casa del IPV.<\/h4>\n<p>En la ma\u00f1ana de este jueves, el <span style=\"color: #003366;\"><strong>Sr. Intendente Alejandro Molero<\/strong> <\/span>hizo entraga de las nuevas viviendas que conforman el <strong>B\u00b0 Uspallata y Tijera<\/strong> en General Alvear. Junto a \u00e9l estuvieron presentes la <em>Vicegobernadora<\/em>, <span style=\"color: #003366;\"><strong>Hebe Casado<\/strong><\/span>; el <em>director de Habitat<\/em>, <span style=\"color: #003366;\"><strong>Mauricio Campos<\/strong> <\/span>y el <em>Titular del Instituto Provincial de la Vivienda<\/em>, <span style=\"color: #003366;\"><strong>Gustavo Cantero.<\/strong><\/span><\/p>\n<p>En su discurso, Molero celebr\u00f3 que<strong><em> \u00abhoy se puedan entregar nuevas viviendas para los vecinos, adaptandonos a las nuevas pol\u00edticas de Vivienda de la Provincia\u00bb.<\/em><\/strong> Adem\u00e1s, el Mandatario asegur\u00f3 que <strong><em>\u00abel Municipio tiene proyectos de vivienda para el futuro y el crecimiento del departamento\u00bb.<\/em><\/strong><\/p>\n<p>Este barrio estuvo a cargo de la empresa OHA Construcciones y fue realizado utilizando el sistema constructivo Cassaforma. Las casas tienen dos dormitorios, ba\u00f1o, cocina y estar comedor, distribuidos en 65 m2 cubiertos.<\/p>\n<p><a href=\"https:\/\/vinasfm.com\/noticias\/wp-content\/uploads\/2024\/11\/IMG-20241114-WA0052.jpg\"><img loading=\"lazy\" decoding=\"async\" class=\"alignnone size-medium wp-image-141591\" src=\"https:\/\/vinasfm.com\/noticias\/wp-content\/uploads\/2024\/11\/IMG-20241114-WA0052-300x169.jpg\" alt=\"\" width=\"300\" height=\"169\" srcset=\"https:\/\/vinasfm.com\/noticias\/wp-content\/uploads\/2024\/11\/IMG-20241114-WA0052-300x169.jpg 300w, https:\/\/vinasfm.com\/noticias\/wp-content\/uploads\/2024\/11\/IMG-20241114-WA0052-1024x576.jpg 1024w, https:\/\/vinasfm.com\/noticias\/wp-content\/uploads\/2024\/11\/IMG-20241114-WA0052-768x432.jpg 768w, https:\/\/vinasfm.com\/noticias\/wp-content\/uploads\/2024\/11\/IMG-20241114-WA0052-1536x864.jpg 1536w, https:\/\/vinasfm.com\/noticias\/wp-content\/uploads\/2024\/11\/IMG-20241114-WA0052-750x420.jpg 750w, https:\/\/vinasfm.com\/noticias\/wp-content\/uploads\/2024\/11\/IMG-20241114-WA0052-1140x641.jpg 1140w, https:\/\/vinasfm.com\/noticias\/wp-content\/uploads\/2024\/11\/IMG-20241114-WA0052.jpg 1600w\" sizes=\"auto, (max-width: 300px) 100vw, 300px\" \/><\/a> <a href=\"https:\/\/vinasfm.com\/noticias\/wp-content\/uploads\/2024\/11\/IMG-20241114-WA0053.jpg\"><img loading=\"lazy\" decoding=\"async\" class=\"alignnone size-medium wp-image-141592\" src=\"https:\/\/vinasfm.com\/noticias\/wp-content\/uploads\/2024\/11\/IMG-20241114-WA0053-300x169.jpg\" alt=\"\" width=\"300\" height=\"169\" srcset=\"https:\/\/vinasfm.com\/noticias\/wp-content\/uploads\/2024\/11\/IMG-20241114-WA0053-300x169.jpg 300w, https:\/\/vinasfm.com\/noticias\/wp-content\/uploads\/2024\/11\/IMG-20241114-WA0053-1024x577.jpg 1024w, https:\/\/vinasfm.com\/noticias\/wp-content\/uploads\/2024\/11\/IMG-20241114-WA0053-768x432.jpg 768w, https:\/\/vinasfm.com\/noticias\/wp-content\/uploads\/2024\/11\/IMG-20241114-WA0053-1536x865.jpg 1536w, https:\/\/vinasfm.com\/noticias\/wp-content\/uploads\/2024\/11\/IMG-20241114-WA0053-750x420.jpg 750w, https:\/\/vinasfm.com\/noticias\/wp-content\/uploads\/2024\/11\/IMG-20241114-WA0053-1140x641.jpg 1140w, https:\/\/vinasfm.com\/noticias\/wp-content\/uploads\/2024\/11\/IMG-20241114-WA0053.jpg 1600w\" sizes=\"auto, (max-width: 300px) 100vw, 300px\" \/><\/a><\/p>\n<p>Por su parte, la <span style=\"color: #003366;\"><strong>Vicegobernadora Hebe Casado<\/strong><\/span> destac\u00f3 que <strong><em>\u00abante la situaci\u00f3n que atraviesa todo el pa\u00eds, teniendo en cuenta que a nivel nacional se fren\u00f3 toda la obra p\u00fablica, el Gobierno de Mendoza hizo el esfuerzo para poder continuar con toda la obra p\u00fablica que hab\u00eda comenzado\u00bb.<\/em><\/strong>Adem\u00e1s, hizo \u00e9nfasis en que <strong><em>\u00abes real que hay un importante d\u00e9ficit habitacional que tiene Mendoza, pero el gobierno hace lo que est\u00e1 a su disposici\u00f3n y de la mejor manera\u00bb.<\/em><\/strong><\/p>\n<p>Otro detalle a destacar que el B\u00b0 Uspallata y Tijera cuenta con el Sistema de Alarma Comunitaria, siendo otro factor de seguridad para los vecinos.<\/p>\n","protected":false},"excerpt":{"rendered":"<p>11 nuevas familias lograron el sue\u00f1o de la casa propia gracias al Programa Mi Casa del IPV. En la ma\u00f1ana de &#8230;<\/p>\n","protected":false},"author":7,"featured_media":141590,"comment_status":"open","ping_status":"open","sticky":false,"template":"","format":"standard","meta":{"footnotes":""},"categories":[1],"tags":[],"class_list":["post-141586","post","type-post","status-publish","format-standard","has-post-thumbnail","hentry","category-fmvinas"],"_links":{"self":[{"href":"https:\/\/vinasfm.com\/noticias\/wp-json\/wp\/v2\/posts\/141586","targetHints":{"allow":["GET"]}}],"collection":[{"href":"https:\/\/vinasfm.com\/noticias\/wp-json\/wp\/v2\/posts"}],"about":[{"href":"https:\/\/vinasfm.com\/noticias\/wp-json\/wp\/v2\/types\/post"}],"author":[{"embeddable":true,"href":"https:\/\/vinasfm.com\/noticias\/wp-json\/wp\/v2\/users\/7"}],"replies":[{"embeddable":true,"href":"https:\/\/vinasfm.com\/noticias\/wp-json\/wp\/v2\/comments?post=141586"}],"version-history":[{"count":4,"href":"https:\/\/vinasfm.com\/noticias\/wp-json\/wp\/v2\/posts\/141586\/revisions"}],"predecessor-version":[{"id":141594,"href":"https:\/\/vinasfm.com\/noticias\/wp-json\/wp\/v2\/posts\/141586\/revisions\/141594"}],"wp:featuredmedia":[{"embeddable":true,"href":"https:\/\/vinasfm.com\/noticias\/wp-json\/wp\/v2\/media\/141590"}],"wp:attachment":[{"href":"https:\/\/vinasfm.com\/noticias\/wp-json\/wp\/v2\/media?parent=141586"}],"wp:term":[{"taxonomy":"category","embeddable":true,"href":"https:\/\/vinasfm.com\/noticias\/wp-json\/wp\/v2\/categories?post=141586"},{"taxonomy":"post_tag","embeddable":true,"href":"https:\/\/vinasfm.com\/noticias\/wp-json\/wp\/v2\/tags?post=141586"}],"curies":[{"name":"wp","href":"https:\/\/api.w.org\/{rel}","templated":true}]}}