{"id":141565,"date":"2024-11-14T09:16:44","date_gmt":"2024-11-14T12:16:44","guid":{"rendered":"https:\/\/vinasfm.com\/noticias\/?p=141565"},"modified":"2024-11-15T10:03:13","modified_gmt":"2024-11-15T13:03:13","slug":"desde-educacion-continuan-con-la-promocion-de-carreras-en-general-alvear","status":"publish","type":"post","link":"https:\/\/vinasfm.com\/noticias\/desde-educacion-continuan-con-la-promocion-de-carreras-en-general-alvear\/","title":{"rendered":"DESDE EDUCACI\u00d3N CONTIN\u00daAN CON LA PROMOCI\u00d3N DE CARRERAS EN GENERAL ALVEAR"},"content":{"rendered":"<h4><span style=\"color: #000000;\">En el \u00faltimo a\u00f1o se ha expandido la oferta educativa en el departamento, permitiendo la llegada de estudiantes desde otros puntos del pa\u00eds.<\/span><\/h4>\n<p><span style=\"color: #000000;\">En la jornada del mi\u00e9rcoles, el <em>director de Educaci\u00f3n de la Comuna<\/em>, <span style=\"color: #003366;\"><strong>Jos\u00e9 Mor\u00e1n<\/strong><\/span>, junto a personal de la Direcci\u00f3n, recorrieron comercios locales promocionando las carreras disponibles en General Alvear. <strong><em>\u201cA\u00fan hay posibilidad de inscribirse a 9 carreras en la Direcci\u00f3n de Educaci\u00f3n y estamos a la espera de poder anunciar una nueva tecnicatura\u201d<\/em><\/strong>, anunci\u00f3 Mor\u00e1n.<\/span><\/p>\n<p><span style=\"color: #000000;\">En cuando al plan del Ejecutivo de expandir la oferta acad\u00e9mica en General Alvear, el funcionario se\u00f1al\u00f3 que <strong><em>\u201cesto se debe a los convenios que hemos trabajado con universidades nacionales, permitiendo que los propios alvearenses estudien a distancia pero tambi\u00e9n que muchos otros estudiantes lleguen al departamento desde otros puntos\u201d.<\/em><\/strong><\/span><\/p>\n<p><a href=\"https:\/\/vinasfm.com\/noticias\/wp-content\/uploads\/2024\/11\/465986205_1665511484306273_5747797833561900365_n.jpg\"><img loading=\"lazy\" decoding=\"async\" class=\"alignnone wp-image-141566\" src=\"https:\/\/vinasfm.com\/noticias\/wp-content\/uploads\/2024\/11\/465986205_1665511484306273_5747797833561900365_n.jpg\" alt=\"\" width=\"330\" height=\"330\" srcset=\"https:\/\/vinasfm.com\/noticias\/wp-content\/uploads\/2024\/11\/465986205_1665511484306273_5747797833561900365_n.jpg 526w, https:\/\/vinasfm.com\/noticias\/wp-content\/uploads\/2024\/11\/465986205_1665511484306273_5747797833561900365_n-300x300.jpg 300w, https:\/\/vinasfm.com\/noticias\/wp-content\/uploads\/2024\/11\/465986205_1665511484306273_5747797833561900365_n-150x150.jpg 150w, https:\/\/vinasfm.com\/noticias\/wp-content\/uploads\/2024\/11\/465986205_1665511484306273_5747797833561900365_n-360x360.jpg 360w\" sizes=\"auto, (max-width: 330px) 100vw, 330px\" \/><\/a> <a href=\"https:\/\/vinasfm.com\/noticias\/wp-content\/uploads\/2024\/11\/466598395_1670383887152366_9219486371237692422_n.jpg\"><img loading=\"lazy\" decoding=\"async\" class=\"alignnone wp-image-141567\" src=\"https:\/\/vinasfm.com\/noticias\/wp-content\/uploads\/2024\/11\/466598395_1670383887152366_9219486371237692422_n.jpg\" alt=\"\" width=\"202\" height=\"330\" srcset=\"https:\/\/vinasfm.com\/noticias\/wp-content\/uploads\/2024\/11\/466598395_1670383887152366_9219486371237692422_n.jpg 526w, https:\/\/vinasfm.com\/noticias\/wp-content\/uploads\/2024\/11\/466598395_1670383887152366_9219486371237692422_n-183x300.jpg 183w\" sizes=\"auto, (max-width: 202px) 100vw, 202px\" \/><\/a> <a href=\"https:\/\/vinasfm.com\/noticias\/wp-content\/uploads\/2024\/11\/465782030_1664791584378263_6095264260107511994_n-copia.jpg\"><img loading=\"lazy\" decoding=\"async\" class=\"alignnone wp-image-141568\" src=\"https:\/\/vinasfm.com\/noticias\/wp-content\/uploads\/2024\/11\/465782030_1664791584378263_6095264260107511994_n-copia.jpg\" alt=\"\" width=\"285\" height=\"330\" srcset=\"https:\/\/vinasfm.com\/noticias\/wp-content\/uploads\/2024\/11\/465782030_1664791584378263_6095264260107511994_n-copia.jpg 518w, https:\/\/vinasfm.com\/noticias\/wp-content\/uploads\/2024\/11\/465782030_1664791584378263_6095264260107511994_n-copia-259x300.jpg 259w\" sizes=\"auto, (max-width: 285px) 100vw, 285px\" \/><\/a><\/p>\n<h6>Oferta Acad\u00e9mica en General Alvear, Mendoza.<\/h6>\n<p><span style=\"color: #000000;\">Una de las carreras m\u00e1s destacadas fue la <strong>Licenciatura en Enfermer\u00eda<\/strong>, fruto del convenio con la <strong>Universidad 3 de Febrero<\/strong>, que tuvo record de inscriptos. As\u00ed mismo, \u00a0la<strong> Tec. Universitaria de Gesti\u00f3n e Innovaci\u00f3n P\u00fablica<\/strong> reuni\u00f3 201 inscriptos, <strong>demostrando en inter\u00e9s en la oferta educativa de General Alvear.<\/strong><\/span><\/p>\n<p><span style=\"color: #000000;\"><strong><em>\u201cEstas son gestiones que nacen en la Municipalidad, siempre contando con el acompa\u00f1amiento del Sr. Intendente Alejandro Molero, logrando acciones que recaen en los j\u00f3venes y en todas las personas que quieren estudiar\u201d<\/em><\/strong>, reflexion\u00f3 Mor\u00e1n. Es de destacar que el gran recibimiento de las carreras ofrecidas es la posibilidad de estudiar de forma gratuita y a distancia en destacadas universidades,<strong><em> \u201cesto nos da la posibilidad de que lleguen m\u00e1s personas al departamento\u201d.<\/em><\/strong><\/span><\/p>\n","protected":false},"excerpt":{"rendered":"<p>En el \u00faltimo a\u00f1o se ha expandido la oferta educativa en el departamento, permitiendo la llegada de estudiantes desde otros puntos &#8230;<\/p>\n","protected":false},"author":7,"featured_media":141569,"comment_status":"open","ping_status":"open","sticky":false,"template":"","format":"standard","meta":{"footnotes":""},"categories":[18,78],"tags":[],"class_list":["post-141565","post","type-post","status-publish","format-standard","has-post-thumbnail","hentry","category-educacion","category-municipalidad"],"_links":{"self":[{"href":"https:\/\/vinasfm.com\/noticias\/wp-json\/wp\/v2\/posts\/141565","targetHints":{"allow":["GET"]}}],"collection":[{"href":"https:\/\/vinasfm.com\/noticias\/wp-json\/wp\/v2\/posts"}],"about":[{"href":"https:\/\/vinasfm.com\/noticias\/wp-json\/wp\/v2\/types\/post"}],"author":[{"embeddable":true,"href":"https:\/\/vinasfm.com\/noticias\/wp-json\/wp\/v2\/users\/7"}],"replies":[{"embeddable":true,"href":"https:\/\/vinasfm.com\/noticias\/wp-json\/wp\/v2\/comments?post=141565"}],"version-history":[{"count":2,"href":"https:\/\/vinasfm.com\/noticias\/wp-json\/wp\/v2\/posts\/141565\/revisions"}],"predecessor-version":[{"id":141571,"href":"https:\/\/vinasfm.com\/noticias\/wp-json\/wp\/v2\/posts\/141565\/revisions\/141571"}],"wp:featuredmedia":[{"embeddable":true,"href":"https:\/\/vinasfm.com\/noticias\/wp-json\/wp\/v2\/media\/141569"}],"wp:attachment":[{"href":"https:\/\/vinasfm.com\/noticias\/wp-json\/wp\/v2\/media?parent=141565"}],"wp:term":[{"taxonomy":"category","embeddable":true,"href":"https:\/\/vinasfm.com\/noticias\/wp-json\/wp\/v2\/categories?post=141565"},{"taxonomy":"post_tag","embeddable":true,"href":"https:\/\/vinasfm.com\/noticias\/wp-json\/wp\/v2\/tags?post=141565"}],"curies":[{"name":"wp","href":"https:\/\/api.w.org\/{rel}","templated":true}]}}