{"id":141545,"date":"2024-11-13T21:51:04","date_gmt":"2024-11-14T00:51:04","guid":{"rendered":"https:\/\/vinasfm.com\/noticias\/?p=141545"},"modified":"2024-11-13T22:10:26","modified_gmt":"2024-11-14T01:10:26","slug":"lucha-antigranizo-arribaron-las-aerenovaes-que-estaran-a-cargo-del-sistema-para-proteger-a-general-alvear-y-san-rafael","status":"publish","type":"post","link":"https:\/\/vinasfm.com\/noticias\/lucha-antigranizo-arribaron-las-aerenovaes-que-estaran-a-cargo-del-sistema-para-proteger-a-general-alvear-y-san-rafael\/","title":{"rendered":"LUCHA ANTIGRANIZO: ARRIBARON LAS AERENOVAES QUE ESTARAN A CARGO DEL SISTEMA PARA PROTEGER A GENERAL ALVEAR Y SAN RAFAEL"},"content":{"rendered":"<h4><strong>Hace instantes arribaron al Aeroclub de San Rafael las aeronaves que estar\u00e1n a cargo del sistema de lucha antigranizo para proteger a General Alvear y San Rafael.<\/strong><\/h4>\n<p>El intendente de General Alvear, Jany Molero, estuvo presente durante el aterrizaje de las aeronaves, destacando la importancia de esta medida para la producci\u00f3n agr\u00edcola y la tranquilidad de las familias alvearenses.<\/p>\n<p><em><strong>\u201cEstamos felices de que a partir de ma\u00f1ana estos aviones est\u00e9n disponibles para mitigar el granizo en los dos departamentos fundamentales, no solo para el agro sino para todos los habitantes. Esto refleja nuestro compromiso con la protecci\u00f3n del sur provincial y el trabajo conjunto para garantizar soluciones efectivas\u201d<\/strong><\/em>, expres\u00f3 Molero.<\/p>\n<p><a href=\"https:\/\/vinasfm.com\/noticias\/wp-content\/uploads\/2024\/11\/WhatsApp-Image-2024-11-13-at-21.49.21.jpeg\"><img loading=\"lazy\" decoding=\"async\" class=\" wp-image-141551 aligncenter\" src=\"https:\/\/vinasfm.com\/noticias\/wp-content\/uploads\/2024\/11\/WhatsApp-Image-2024-11-13-at-21.49.21-300x169.jpeg\" alt=\"\" width=\"351\" height=\"198\" srcset=\"https:\/\/vinasfm.com\/noticias\/wp-content\/uploads\/2024\/11\/WhatsApp-Image-2024-11-13-at-21.49.21-300x169.jpeg 300w, https:\/\/vinasfm.com\/noticias\/wp-content\/uploads\/2024\/11\/WhatsApp-Image-2024-11-13-at-21.49.21-1024x576.jpeg 1024w, https:\/\/vinasfm.com\/noticias\/wp-content\/uploads\/2024\/11\/WhatsApp-Image-2024-11-13-at-21.49.21-768x432.jpeg 768w, https:\/\/vinasfm.com\/noticias\/wp-content\/uploads\/2024\/11\/WhatsApp-Image-2024-11-13-at-21.49.21-750x420.jpeg 750w, https:\/\/vinasfm.com\/noticias\/wp-content\/uploads\/2024\/11\/WhatsApp-Image-2024-11-13-at-21.49.21-1140x641.jpeg 1140w, https:\/\/vinasfm.com\/noticias\/wp-content\/uploads\/2024\/11\/WhatsApp-Image-2024-11-13-at-21.49.21.jpeg 1500w\" sizes=\"auto, (max-width: 351px) 100vw, 351px\" \/><\/a><\/p>\n<p>El jefe comunal tambi\u00e9n valor\u00f3 la articulaci\u00f3n entre el gobierno provincial, los municipios de Alvear y San Rafael, junto a las c\u00e1maras empresariales y el Aeroclub San Rafael, que hicieron posible esta acci\u00f3n en tiempo y forma.<\/p>\n<p>Por su parte, el intendente de San Rafael, Omar F\u00e9lix, expres\u00f3:<em><strong> \u201cEl sur ya no estar\u00e1 m\u00e1s desamparado ante tormentas graniceras. Insisto en que es un sistema que funciona y hay que mantenerlo\u201d<\/strong><\/em>.<\/p>\n<p><a href=\"https:\/\/vinasfm.com\/noticias\/wp-content\/uploads\/2024\/11\/WhatsApp-Image-2024-11-13-at-21.49.24.jpeg\"><img loading=\"lazy\" decoding=\"async\" class=\" wp-image-141552 aligncenter\" src=\"https:\/\/vinasfm.com\/noticias\/wp-content\/uploads\/2024\/11\/WhatsApp-Image-2024-11-13-at-21.49.24-300x169.jpeg\" alt=\"\" width=\"405\" height=\"228\" srcset=\"https:\/\/vinasfm.com\/noticias\/wp-content\/uploads\/2024\/11\/WhatsApp-Image-2024-11-13-at-21.49.24-300x169.jpeg 300w, https:\/\/vinasfm.com\/noticias\/wp-content\/uploads\/2024\/11\/WhatsApp-Image-2024-11-13-at-21.49.24-1024x576.jpeg 1024w, https:\/\/vinasfm.com\/noticias\/wp-content\/uploads\/2024\/11\/WhatsApp-Image-2024-11-13-at-21.49.24-768x432.jpeg 768w, https:\/\/vinasfm.com\/noticias\/wp-content\/uploads\/2024\/11\/WhatsApp-Image-2024-11-13-at-21.49.24-750x420.jpeg 750w, https:\/\/vinasfm.com\/noticias\/wp-content\/uploads\/2024\/11\/WhatsApp-Image-2024-11-13-at-21.49.24-1140x641.jpeg 1140w, https:\/\/vinasfm.com\/noticias\/wp-content\/uploads\/2024\/11\/WhatsApp-Image-2024-11-13-at-21.49.24.jpeg 1500w\" sizes=\"auto, (max-width: 405px) 100vw, 405px\" \/><\/a><\/p>\n<p>Esta acci\u00f3n refleja la pol\u00edtica activa de la gesti\u00f3n de Molero en defensa del agro, la principal fuente de trabajo y desarrollo de General Alvear, as\u00ed como el compromiso con la seguridad y el bienestar de todos los alvearenses.<br \/>\n<em><strong>\u201cQuiero agradecer a los referentes del agro, a las c\u00e1maras empresariales al gobernador Alfredo Cornejo y a todos los alvearenses por el aporte para poder lograr este objetivo\u201d<\/strong><\/em>, concluy\u00f3 Molero.<\/p>\n","protected":false},"excerpt":{"rendered":"<p>Hace instantes arribaron al Aeroclub de San Rafael las aeronaves que estar\u00e1n a cargo del sistema de lucha antigranizo para proteger &#8230;<\/p>\n","protected":false},"author":7,"featured_media":141548,"comment_status":"open","ping_status":"open","sticky":false,"template":"","format":"standard","meta":{"footnotes":""},"categories":[1],"tags":[],"class_list":["post-141545","post","type-post","status-publish","format-standard","has-post-thumbnail","hentry","category-fmvinas"],"_links":{"self":[{"href":"https:\/\/vinasfm.com\/noticias\/wp-json\/wp\/v2\/posts\/141545","targetHints":{"allow":["GET"]}}],"collection":[{"href":"https:\/\/vinasfm.com\/noticias\/wp-json\/wp\/v2\/posts"}],"about":[{"href":"https:\/\/vinasfm.com\/noticias\/wp-json\/wp\/v2\/types\/post"}],"author":[{"embeddable":true,"href":"https:\/\/vinasfm.com\/noticias\/wp-json\/wp\/v2\/users\/7"}],"replies":[{"embeddable":true,"href":"https:\/\/vinasfm.com\/noticias\/wp-json\/wp\/v2\/comments?post=141545"}],"version-history":[{"count":3,"href":"https:\/\/vinasfm.com\/noticias\/wp-json\/wp\/v2\/posts\/141545\/revisions"}],"predecessor-version":[{"id":141553,"href":"https:\/\/vinasfm.com\/noticias\/wp-json\/wp\/v2\/posts\/141545\/revisions\/141553"}],"wp:featuredmedia":[{"embeddable":true,"href":"https:\/\/vinasfm.com\/noticias\/wp-json\/wp\/v2\/media\/141548"}],"wp:attachment":[{"href":"https:\/\/vinasfm.com\/noticias\/wp-json\/wp\/v2\/media?parent=141545"}],"wp:term":[{"taxonomy":"category","embeddable":true,"href":"https:\/\/vinasfm.com\/noticias\/wp-json\/wp\/v2\/categories?post=141545"},{"taxonomy":"post_tag","embeddable":true,"href":"https:\/\/vinasfm.com\/noticias\/wp-json\/wp\/v2\/tags?post=141545"}],"curies":[{"name":"wp","href":"https:\/\/api.w.org\/{rel}","templated":true}]}}