{"id":141542,"date":"2024-11-13T12:07:18","date_gmt":"2024-11-13T15:07:18","guid":{"rendered":"https:\/\/vinasfm.com\/noticias\/?p=141542"},"modified":"2024-11-14T10:17:36","modified_gmt":"2024-11-14T13:17:36","slug":"vidrieras-navidenas-desde-cultura-lanzaron-un-novedoso-concurso-para-los-comercios-locales","status":"publish","type":"post","link":"https:\/\/vinasfm.com\/noticias\/vidrieras-navidenas-desde-cultura-lanzaron-un-novedoso-concurso-para-los-comercios-locales\/","title":{"rendered":"VIDRIERAS NAVIDE\u00d1AS: DESDE CULTURA LANZARON UN NOVEDOSO CONCURSO PARA LOS COMERCIOS LOCALES"},"content":{"rendered":"<h4><span style=\"color: #000000;\">Tiene como objetivo embellecer la ciudad y promover el esp\u00edritu navide\u00f1o<\/span><\/h4>\n<p><span style=\"color: #000000;\">La <em>directora de Cultura<\/em>, <span style=\"color: #003366;\"><strong>Mar\u00eda Delia Achetoni<\/strong><\/span>, anunci\u00f3\u00a0 el concurso <em>\u201cVidrieras Navide\u00f1as 2024\u201d<\/em>, que consiste en la decoraci\u00f3n con tem\u00e1tica festiva de las vidrieras visibles al p\u00fablico de Ciudad y distritos. <strong><em>\u201cTendremos 4 premios, siendo el m\u00e1s importante la suma tres millones de pesos\u201d<\/em><\/strong>, destac\u00f3.<\/span><\/p>\n<p><span style=\"color: #000000;\"><strong><em>\u201cSe tratan de fechas muy lindas, pero muchas veces estamos desanimados o agotados por esta altura del a\u00f1o\u201d<\/em><\/strong>, reflexion\u00f3 Achetoni y agreg\u00f3 <strong><em>\u201cqueremos embellecer las calles alvearenses, pero tambi\u00e9n promover el esp\u00edritu festivo\u201d.<\/em><\/strong><\/span><\/p>\n<p><span style=\"color: #000000;\">Los comerciantes interesados podr\u00e1n inscribirse por medio de este link, adem\u00e1s de conocer las bases y condiciones. Es importante conocer que las decoraciones <strong>deber\u00e1n estar exhibidas desde el d\u00eda 8 de diciembre y ser\u00e1 el pr\u00f3ximo 28 del mismo mes cuando se conozcan los cuatro ganadores.<\/strong><\/span><\/p>\n<p><span style=\"color: #000000;\">Un detalle importante es que los ganadores ser\u00e1n elegidos por <strong>un jurado incognito<\/strong>\u00a0que recorrer\u00e1 las calles alvearenses evaluando las <em>\u201cVidrieras Navide\u00f1as\u201d.<\/em><\/span><\/p>\n","protected":false},"excerpt":{"rendered":"<p>Tiene como objetivo embellecer la ciudad y promover el esp\u00edritu navide\u00f1o La directora de Cultura, Mar\u00eda Delia Achetoni, anunci\u00f3\u00a0 el concurso &#8230;<\/p>\n","protected":false},"author":7,"featured_media":141543,"comment_status":"open","ping_status":"open","sticky":false,"template":"","format":"standard","meta":{"footnotes":""},"categories":[5,69],"tags":[],"class_list":["post-141542","post","type-post","status-publish","format-standard","has-post-thumbnail","hentry","category-actualidad","category-comercio"],"_links":{"self":[{"href":"https:\/\/vinasfm.com\/noticias\/wp-json\/wp\/v2\/posts\/141542","targetHints":{"allow":["GET"]}}],"collection":[{"href":"https:\/\/vinasfm.com\/noticias\/wp-json\/wp\/v2\/posts"}],"about":[{"href":"https:\/\/vinasfm.com\/noticias\/wp-json\/wp\/v2\/types\/post"}],"author":[{"embeddable":true,"href":"https:\/\/vinasfm.com\/noticias\/wp-json\/wp\/v2\/users\/7"}],"replies":[{"embeddable":true,"href":"https:\/\/vinasfm.com\/noticias\/wp-json\/wp\/v2\/comments?post=141542"}],"version-history":[{"count":1,"href":"https:\/\/vinasfm.com\/noticias\/wp-json\/wp\/v2\/posts\/141542\/revisions"}],"predecessor-version":[{"id":141544,"href":"https:\/\/vinasfm.com\/noticias\/wp-json\/wp\/v2\/posts\/141542\/revisions\/141544"}],"wp:featuredmedia":[{"embeddable":true,"href":"https:\/\/vinasfm.com\/noticias\/wp-json\/wp\/v2\/media\/141543"}],"wp:attachment":[{"href":"https:\/\/vinasfm.com\/noticias\/wp-json\/wp\/v2\/media?parent=141542"}],"wp:term":[{"taxonomy":"category","embeddable":true,"href":"https:\/\/vinasfm.com\/noticias\/wp-json\/wp\/v2\/categories?post=141542"},{"taxonomy":"post_tag","embeddable":true,"href":"https:\/\/vinasfm.com\/noticias\/wp-json\/wp\/v2\/tags?post=141542"}],"curies":[{"name":"wp","href":"https:\/\/api.w.org\/{rel}","templated":true}]}}