{"id":141475,"date":"2024-11-12T10:28:43","date_gmt":"2024-11-12T13:28:43","guid":{"rendered":"https:\/\/vinasfm.com\/noticias\/?p=141475"},"modified":"2024-11-13T09:36:58","modified_gmt":"2024-11-13T12:36:58","slug":"cuotas-escolares-privadas-en-mendoza-aumentan-el-1021","status":"publish","type":"post","link":"https:\/\/vinasfm.com\/noticias\/cuotas-escolares-privadas-en-mendoza-aumentan-el-1021\/","title":{"rendered":"CUOTAS ESCOLARES PRIVADAS EN MENDOZA AUMENTAN EL 10,21%"},"content":{"rendered":"<h4><strong>Finalmente, la Direcci\u00f3n General de Escuelas (DGE) autoriz\u00f3 un nuevo aumento en las cuotas de los colegios privados de la provincia, el cual se fij\u00f3 en el 10,21 %. El porcentaje surge del c\u00e1lculo realizado por el gobierno escolar en base al \u00cdndice Provincial de Aranceles de la Educaci\u00f3n.<\/strong><\/h4>\n<p>Seg\u00fan la resoluci\u00f3n oficial, la actualizaci\u00f3n del importe se justifica por el incremento de los costos operativos y la inflaci\u00f3n. \u00abDesde el a\u00f1o pasado nosotros tenemos una resoluci\u00f3n para que se actualicen cada dos meses los valores de las cuotas a trav\u00e9s de una f\u00f3rmula polin\u00f3mica. Esta f\u00f3rmula contempla la variaci\u00f3n salarial y el \u00edndice inflacionario, el cual afecta en los servicios que los colegios brindan. En este caso, estamos hablando de un aumento del 10,21 %. Los valores de las cuotas dependen del aporte que tienen del Estado\u00bb, asegur\u00f3 a FM Vos 94.5 Mar\u00eda del Carmen Amat, integrante del Consejo de Educaci\u00f3n Cat\u00f3lica en Mendoza.<\/p>\n<p>Luego, fue consultada por qu\u00e9 en la provincia de Mendoza se registra un aumento mayor a otras regiones del pa\u00eds, como por ejemplo en la provincia de Buenos Aires, en donde ese incremento ronda el 7,4%. \u00abEsto fue lo sucedi\u00f3 en el \u00faltimo mes, pero si uno compara a lo largo del a\u00f1o tuvieron aumentos de hasta el 30 o el 40%. En el caso de Mendoza, las actualizaciones se vienen llevando adelante de una forma m\u00e1s gradual\u00bb, sostuvo Amat.<\/p>\n<p>M\u00e1s adelante, se refiri\u00f3 a la realidad de los establecimientos educativos privados mendocinos. \u00abTodav\u00eda hay colegios en Mendoza que siguen bastante complicados. De hecho, est\u00e1n ajustando sus plantas funcionales de acuerdo a su realidad econ\u00f3mica. Incluso, algunos de ellos tuvieron que hacer planes de pago del 931 (en lo que refiere a los costos fijos del sueldo) para salir adelante. Estamos en permanente di\u00e1logo con el gobierno provincial. Estamos hablando de un sector de la educaci\u00f3n que est\u00e1 desfinanciado y con deudas. Muchos establecimientos no tienen los recursos necesarios para hacer un plan de inversi\u00f3n en infraestructura. La Direcci\u00f3n de Educaci\u00f3n Privada de la Naci\u00f3n envi\u00f3 una encuesta para conocer la realidad en cada una de las jurisdicciones, puesto que todas tienen una caracter\u00edstica distinta\u00bb, indic\u00f3.<\/p>\n<p>Por \u00faltimo, coment\u00f3 que m\u00e1s all\u00e1 de todos estos incrementos que se registraron en las cuotas, no hubo una merma en la cantidad de alumnos matriculados. \u00abHasta el momento no hemos sentido un impacto en las matr\u00edculas del alumnado. No hubo una baja de las mismas. Incluso, en muchos colegios ya no tenemos vacantes para primer a\u00f1o del secundario o nivel inicial. Los pap\u00e1s acompa\u00f1an bastante bien a los establecimientos. Muchos han recibido el voucher educativo. Hay muchas familias con ese beneficio\u201d, culmin\u00f3.<\/p>\n","protected":false},"excerpt":{"rendered":"<p>Finalmente, la Direcci\u00f3n General de Escuelas (DGE) autoriz\u00f3 un nuevo aumento en las cuotas de los colegios privados de la provincia, &#8230;<\/p>\n","protected":false},"author":7,"featured_media":132502,"comment_status":"open","ping_status":"open","sticky":false,"template":"","format":"standard","meta":{"footnotes":""},"categories":[5,169],"tags":[],"class_list":["post-141475","post","type-post","status-publish","format-standard","has-post-thumbnail","hentry","category-actualidad","category-aumentos"],"_links":{"self":[{"href":"https:\/\/vinasfm.com\/noticias\/wp-json\/wp\/v2\/posts\/141475","targetHints":{"allow":["GET"]}}],"collection":[{"href":"https:\/\/vinasfm.com\/noticias\/wp-json\/wp\/v2\/posts"}],"about":[{"href":"https:\/\/vinasfm.com\/noticias\/wp-json\/wp\/v2\/types\/post"}],"author":[{"embeddable":true,"href":"https:\/\/vinasfm.com\/noticias\/wp-json\/wp\/v2\/users\/7"}],"replies":[{"embeddable":true,"href":"https:\/\/vinasfm.com\/noticias\/wp-json\/wp\/v2\/comments?post=141475"}],"version-history":[{"count":5,"href":"https:\/\/vinasfm.com\/noticias\/wp-json\/wp\/v2\/posts\/141475\/revisions"}],"predecessor-version":[{"id":141481,"href":"https:\/\/vinasfm.com\/noticias\/wp-json\/wp\/v2\/posts\/141475\/revisions\/141481"}],"wp:featuredmedia":[{"embeddable":true,"href":"https:\/\/vinasfm.com\/noticias\/wp-json\/wp\/v2\/media\/132502"}],"wp:attachment":[{"href":"https:\/\/vinasfm.com\/noticias\/wp-json\/wp\/v2\/media?parent=141475"}],"wp:term":[{"taxonomy":"category","embeddable":true,"href":"https:\/\/vinasfm.com\/noticias\/wp-json\/wp\/v2\/categories?post=141475"},{"taxonomy":"post_tag","embeddable":true,"href":"https:\/\/vinasfm.com\/noticias\/wp-json\/wp\/v2\/tags?post=141475"}],"curies":[{"name":"wp","href":"https:\/\/api.w.org\/{rel}","templated":true}]}}