{"id":141446,"date":"2024-11-11T12:03:57","date_gmt":"2024-11-11T15:03:57","guid":{"rendered":"https:\/\/vinasfm.com\/noticias\/?p=141446"},"modified":"2024-11-13T08:46:43","modified_gmt":"2024-11-13T11:46:43","slug":"tras-el-aumento-asi-quedaron-los-valores-del-transporte-en-general-alvear","status":"publish","type":"post","link":"https:\/\/vinasfm.com\/noticias\/tras-el-aumento-asi-quedaron-los-valores-del-transporte-en-general-alvear\/","title":{"rendered":"TRAS EL AUMENTO, AS\u00cd QUEDARON LOS VALORES DEL TRANSPORTE EN GENERAL ALVEAR"},"content":{"rendered":"<h4><span style=\"color: #000000;\">A inicios de noviembre se oficializ\u00f3 el aumento del transporte en Mnedoza, desde entonces en Ciudad el boleto cuesta $850<\/span><\/h4>\n<p><span style=\"color: #000000;\">En esta ocasi\u00f3n se tom\u00f3 la decisi\u00f3n de aplicar una tarifa diferenciada para horarios de mayor demanda en el Gran Mendoza, pasando a costar $705,50 el pasaje desde las 09:00 a las 11:00 horas y desde as 14:30 a las 16:00.<\/span><\/p>\n<p><span style=\"color: #000000;\">Esta semana se conocieron los <strong>nuevos valores en General Alvear<\/strong>, los cuales superan los $1.000.<\/span><\/p>\n<ul>\n<li><span style=\"color: #000000;\">General Alvear &#8211; Alvear Oeste: <strong>$1.105<\/strong><\/span><\/li>\n<li><span style=\"color: #000000;\">General Alvear &#8211; Bowen: <strong>$2.080<\/strong><\/span><\/li>\n<li><span style=\"color: #000000;\">General Alvear \u2013 San Pedro del Atuel: <strong>$2.080<\/strong><\/span><\/li>\n<li><span style=\"color: #000000;\">General Alvear &#8211; Real Del Padre: <strong>$2.080<\/strong><\/span><\/li>\n<li><span style=\"color: #000000;\">General Alvear &#8211; Monte Com\u00e1n: <strong>$3.380<\/strong><\/span><\/li>\n<li><span style=\"color: #000000;\">San Rafael &#8211; General Alvear: <strong>$6.435<\/strong><\/span><\/li>\n<li><span style=\"color: #000000;\">Mendoza &#8211; General Alvear:<strong> $18.980<\/strong><\/span><\/li>\n<\/ul>\n<p><span style=\"color: #000000;\">En los tramos Mendoza \u2013 San Rafael y Mendoza \u2013 Malarg\u00fce, los valores son de <strong>$13.060<\/strong> y <strong>$24.375<\/strong> respectivamente.<\/span><\/p>\n","protected":false},"excerpt":{"rendered":"<p>A inicios de noviembre se oficializ\u00f3 el aumento del transporte en Mnedoza, desde entonces en Ciudad el boleto cuesta $850 En &#8230;<\/p>\n","protected":false},"author":7,"featured_media":141447,"comment_status":"open","ping_status":"open","sticky":false,"template":"","format":"standard","meta":{"footnotes":""},"categories":[5,169],"tags":[],"class_list":["post-141446","post","type-post","status-publish","format-standard","has-post-thumbnail","hentry","category-actualidad","category-aumentos"],"_links":{"self":[{"href":"https:\/\/vinasfm.com\/noticias\/wp-json\/wp\/v2\/posts\/141446","targetHints":{"allow":["GET"]}}],"collection":[{"href":"https:\/\/vinasfm.com\/noticias\/wp-json\/wp\/v2\/posts"}],"about":[{"href":"https:\/\/vinasfm.com\/noticias\/wp-json\/wp\/v2\/types\/post"}],"author":[{"embeddable":true,"href":"https:\/\/vinasfm.com\/noticias\/wp-json\/wp\/v2\/users\/7"}],"replies":[{"embeddable":true,"href":"https:\/\/vinasfm.com\/noticias\/wp-json\/wp\/v2\/comments?post=141446"}],"version-history":[{"count":1,"href":"https:\/\/vinasfm.com\/noticias\/wp-json\/wp\/v2\/posts\/141446\/revisions"}],"predecessor-version":[{"id":141448,"href":"https:\/\/vinasfm.com\/noticias\/wp-json\/wp\/v2\/posts\/141446\/revisions\/141448"}],"wp:featuredmedia":[{"embeddable":true,"href":"https:\/\/vinasfm.com\/noticias\/wp-json\/wp\/v2\/media\/141447"}],"wp:attachment":[{"href":"https:\/\/vinasfm.com\/noticias\/wp-json\/wp\/v2\/media?parent=141446"}],"wp:term":[{"taxonomy":"category","embeddable":true,"href":"https:\/\/vinasfm.com\/noticias\/wp-json\/wp\/v2\/categories?post=141446"},{"taxonomy":"post_tag","embeddable":true,"href":"https:\/\/vinasfm.com\/noticias\/wp-json\/wp\/v2\/tags?post=141446"}],"curies":[{"name":"wp","href":"https:\/\/api.w.org\/{rel}","templated":true}]}}