{"id":141319,"date":"2024-11-06T19:24:10","date_gmt":"2024-11-06T22:24:10","guid":{"rendered":"https:\/\/vinasfm.com\/noticias\/?p=141319"},"modified":"2024-11-08T09:30:43","modified_gmt":"2024-11-08T12:30:43","slug":"ejecutan-tareas-de-asfaltado-en-calle-centenario-entre-cinco-esquinas-y-ruta-143","status":"publish","type":"post","link":"https:\/\/vinasfm.com\/noticias\/ejecutan-tareas-de-asfaltado-en-calle-centenario-entre-cinco-esquinas-y-ruta-143\/","title":{"rendered":"EJECUTAN TAREAS DE ASFALTADO EN CALLE CENTENARIO, ENTRE CINCO ESQUINAS Y RUTA 143"},"content":{"rendered":"<h4>En un esfuerzo conjunto por mejorar la infraestructura vial de General Alvear, Vialidad Provincial y la comuna han dado comienzo a los trabajos de asfaltado en la calle Centenario.<\/h4>\n<p>Este proyecto abarca un tramo de 3 kil\u00f3metros, que <strong>va desde las Cinco Esquinas de Alvear Oeste hasta la Ruta Nacional 143 sur<\/strong>, y tiene como objetivo reponer una arteria fundamental para los vecinos de la zona.<\/p>\n<p>El <span style=\"color: #003366;\"><strong>Intendente Alejandro Molero<\/strong><\/span> estuvo presente en el avance de la obra y destac\u00f3 la importancia de esta iniciativa. <em><strong>\u201cLa comuna, en colaboraci\u00f3n con Vialidad, ha comenzado un proceso de recuperaci\u00f3n de arterias deterioradas. El reacondicionamiento de la calle Centenario con una nueva carpeta asf\u00e1ltica de 4 cm es vital para nuestra comunidad\u201d, <\/strong><\/em>afirm\u00f3 Molero. Adem\u00e1s, subray\u00f3 que este trabajo forma parte de un plan m\u00e1s amplio que incluye la recuperaci\u00f3n de otras calles, como la Calle 16.<\/p>\n<p>Molero tambi\u00e9n mencion\u00f3 que las obras se est\u00e1n llevando a cabo por administraci\u00f3n, lo que permite optimizar recursos. <strong><em>\u201cEstamos haciendo un gran esfuerzo junto a Vialidad Provincial, aportando lo que respecta a los \u00e1ridos y complement\u00e1ndonos en este esfuerzo para hacer m\u00e1s con menos recursos\u201d, <\/em><\/strong>a\u00f1adi\u00f3.<\/p>\n<p><a href=\"https:\/\/vinasfm.com\/noticias\/wp-content\/uploads\/2024\/11\/IMG-20241106-WA00232.jpg\"><img loading=\"lazy\" decoding=\"async\" class=\"alignnone size-medium wp-image-141322\" src=\"https:\/\/vinasfm.com\/noticias\/wp-content\/uploads\/2024\/11\/IMG-20241106-WA00232-300x200.jpg\" alt=\"\" width=\"300\" height=\"200\" srcset=\"https:\/\/vinasfm.com\/noticias\/wp-content\/uploads\/2024\/11\/IMG-20241106-WA00232-300x200.jpg 300w, https:\/\/vinasfm.com\/noticias\/wp-content\/uploads\/2024\/11\/IMG-20241106-WA00232.jpg 720w\" sizes=\"auto, (max-width: 300px) 100vw, 300px\" \/><\/a><\/p>\n<p>Por su parte, el C<em>oordinador de la Zona Sur de Vialida<\/em>d, <span style=\"color: #003366;\"><strong>Leonardo Vi\u00f1olo<\/strong><\/span>, explic\u00f3 que tienen como objetivo completar todas las obras antes de fin de a\u00f1o. <em><strong>\u201cEstamos utilizando recursos del Gobierno provincial para optimizar costos,\u201d<\/strong><\/em> dijo Vi\u00f1olo.<\/p>\n<p>La nueva carpeta asf\u00e1ltica tiene un espesor de 4 cent\u00edmetros y est\u00e1 financiada por el Ministerio de Infraestructura del Gobierno provincial. Vi\u00f1olo record\u00f3 que este proceso comenz\u00f3 al inicio de su gesti\u00f3n con el asfaltado de Calle F y luego Calle C, y ahora se encuentran trabajando en Calle Centenario. <em><strong>\u201cA pesar de una situaci\u00f3n econ\u00f3mica confusa a nivel nacional que ha dificultado conseguir recursos, vamos por buen camino para continuar con el trabajo\u201d, c<\/strong><\/em>oncluy\u00f3.<\/p>\n<p>Con estas obras, se espera no solo mejorar la transitabilidad en General Alvear, sino tambi\u00e9n contribuir al desarrollo econ\u00f3mico y social de la comunidad<\/p>\n","protected":false},"excerpt":{"rendered":"<p>En un esfuerzo conjunto por mejorar la infraestructura vial de General Alvear, Vialidad Provincial y la comuna han dado comienzo a &#8230;<\/p>\n","protected":false},"author":7,"featured_media":141321,"comment_status":"open","ping_status":"open","sticky":false,"template":"","format":"standard","meta":{"footnotes":""},"categories":[10,29],"tags":[],"class_list":["post-141319","post","type-post","status-publish","format-standard","has-post-thumbnail","hentry","category-destacadas","category-obras-y-servicios"],"_links":{"self":[{"href":"https:\/\/vinasfm.com\/noticias\/wp-json\/wp\/v2\/posts\/141319","targetHints":{"allow":["GET"]}}],"collection":[{"href":"https:\/\/vinasfm.com\/noticias\/wp-json\/wp\/v2\/posts"}],"about":[{"href":"https:\/\/vinasfm.com\/noticias\/wp-json\/wp\/v2\/types\/post"}],"author":[{"embeddable":true,"href":"https:\/\/vinasfm.com\/noticias\/wp-json\/wp\/v2\/users\/7"}],"replies":[{"embeddable":true,"href":"https:\/\/vinasfm.com\/noticias\/wp-json\/wp\/v2\/comments?post=141319"}],"version-history":[{"count":2,"href":"https:\/\/vinasfm.com\/noticias\/wp-json\/wp\/v2\/posts\/141319\/revisions"}],"predecessor-version":[{"id":141323,"href":"https:\/\/vinasfm.com\/noticias\/wp-json\/wp\/v2\/posts\/141319\/revisions\/141323"}],"wp:featuredmedia":[{"embeddable":true,"href":"https:\/\/vinasfm.com\/noticias\/wp-json\/wp\/v2\/media\/141321"}],"wp:attachment":[{"href":"https:\/\/vinasfm.com\/noticias\/wp-json\/wp\/v2\/media?parent=141319"}],"wp:term":[{"taxonomy":"category","embeddable":true,"href":"https:\/\/vinasfm.com\/noticias\/wp-json\/wp\/v2\/categories?post=141319"},{"taxonomy":"post_tag","embeddable":true,"href":"https:\/\/vinasfm.com\/noticias\/wp-json\/wp\/v2\/tags?post=141319"}],"curies":[{"name":"wp","href":"https:\/\/api.w.org\/{rel}","templated":true}]}}