{"id":141309,"date":"2024-11-06T10:55:19","date_gmt":"2024-11-06T13:55:19","guid":{"rendered":"https:\/\/vinasfm.com\/noticias\/?p=141309"},"modified":"2024-11-07T10:03:03","modified_gmt":"2024-11-07T13:03:03","slug":"ajedrez-llega-una-nueva-edicion-del-abierto-de-gral-alvear-y-la-copa-faraon","status":"publish","type":"post","link":"https:\/\/vinasfm.com\/noticias\/ajedrez-llega-una-nueva-edicion-del-abierto-de-gral-alvear-y-la-copa-faraon\/","title":{"rendered":"AJEDREZ: LLEGA UNA NUEVA EDICI\u00d3N DEL \u201cABIERTO DE GRAL. ALVEAR\u201d Y LA \u201cCOPA FARA\u00d3N"},"content":{"rendered":"<h4 style=\"font-weight: 400;\"><strong>Entre el s\u00e1bado 9 y el domingo 10 de noviembre se disputar\u00e1 en General Alvear la VIII Edici\u00f3n del Abierto y la VII de la Copa Fara\u00f3n, dos torneos que atraen a\u00f1o tras a\u00f1o la atenci\u00f3n de grandes jugadores de la regi\u00f3n.<\/strong><\/h4>\n<p style=\"font-weight: 400;\">Organizado por la Agrupaci\u00f3n Alvearense de Ajedrez y la Escuela Municipal de Ajedrez, con el respaldo de la Municipalidad de General Alvear, la Federaci\u00f3n Mendocina de Ajedrez, la Empresa de transporte Central Argentino, y empresas del medio, este fin de semana, se llevar\u00e1n a cabo los cert\u00e1menes que generar\u00e1n que los ojos de los ajedrecistas de la regi\u00f3n se centren en lo que suceda sobre los trableros Alvearenses.<\/p>\n<p style=\"font-weight: 400;\">La VIII edici\u00f3n del \u201cAbierto de General Alvear\u201d, se dispurar\u00e1 en la Biblioteca \u201cDomingo F. Sarmiento\u201d, a un ritmo de 25 minutos + 10 segundos de incremento por jugador, y comenzar\u00e1 el s\u00e1bado 9 desde las 9:30 horas, finalizando el domingo por la tarde. Repartir\u00e1 $250.000 en efectivo, trofeos, medallas y un viaje ida y vuelta a Buenos Aires, para ser utilizado en las pr\u00f3ximas finales Nacionales Juveniles.<\/p>\n<p style=\"font-weight: 400;\">Por otra parte, la VII \u201cCopa Fara\u00f3n\u201d, que en sus inicios se desarrollaba en la m\u00edtica Bodega \u201cFara\u00f3n\u201d, tambi\u00e9n se disputar\u00e1 en la Biblioteca, a un ritmo de 3 minutos + 2 segundos de incremento por jugador. Comenzar\u00e1 el s\u00e1bado a las 19:00 horas, y entregar\u00e1 premios en efectivo y un viaje a la Ciudad de Rosario, para participar en una importante competencia.<\/p>\n<p style=\"font-weight: 400;\">Vale aclarar, que tras la Copa, los competidores mayores de 18 a\u00f1os, podr\u00e1n disfrutar de una completa degustaci\u00f3n de vinos del Sur Mendocino, y el show art\u00edstico de Nico Bello.<\/p>\n<p>Si bien faltan d\u00edas y se espera la confirmaci\u00f3n de grandes jugadores, se sabe que participar\u00e1n entre otros, el Maestro Internacional Alejo Ismael Gim\u00e9nez y el Maestro FIDE Neuquino Daniel Pacheco, quienes ya conocen nuestras tierras y han sido ganadores en ocasiones anteriores.<\/p>\n<p style=\"font-weight: 400;\">El Profesor Sebasti\u00e1n Lieby, de la Escuela Municipal, asegur\u00f3 que no es necesario ser un experto para poder inscribirse y que muchos de los mejores exponentes del ajedrez infantil y juvenil del departamento, dir\u00e1n presente.<\/p>\n<p style=\"font-weight: 400;\">Para consultas, pueden comunicarse al 2625597332.<\/p>\n<p style=\"font-weight: 400;\">Para inscripciones:\u00a0<a href=\"https:\/\/forms.gle\/mBe6Z761eh3yYreo9\">https:\/\/forms.gle\/mBe6Z761eh3yYreo9<\/a><\/p>\n","protected":false},"excerpt":{"rendered":"<p>Entre el s\u00e1bado 9 y el domingo 10 de noviembre se disputar\u00e1 en General Alvear la VIII Edici\u00f3n del Abierto y &#8230;<\/p>\n","protected":false},"author":7,"featured_media":141310,"comment_status":"open","ping_status":"open","sticky":false,"template":"","format":"standard","meta":{"footnotes":""},"categories":[3,11],"tags":[],"class_list":["post-141309","post","type-post","status-publish","format-standard","has-post-thumbnail","hentry","category-deportes","category-sociales"],"_links":{"self":[{"href":"https:\/\/vinasfm.com\/noticias\/wp-json\/wp\/v2\/posts\/141309","targetHints":{"allow":["GET"]}}],"collection":[{"href":"https:\/\/vinasfm.com\/noticias\/wp-json\/wp\/v2\/posts"}],"about":[{"href":"https:\/\/vinasfm.com\/noticias\/wp-json\/wp\/v2\/types\/post"}],"author":[{"embeddable":true,"href":"https:\/\/vinasfm.com\/noticias\/wp-json\/wp\/v2\/users\/7"}],"replies":[{"embeddable":true,"href":"https:\/\/vinasfm.com\/noticias\/wp-json\/wp\/v2\/comments?post=141309"}],"version-history":[{"count":1,"href":"https:\/\/vinasfm.com\/noticias\/wp-json\/wp\/v2\/posts\/141309\/revisions"}],"predecessor-version":[{"id":141311,"href":"https:\/\/vinasfm.com\/noticias\/wp-json\/wp\/v2\/posts\/141309\/revisions\/141311"}],"wp:featuredmedia":[{"embeddable":true,"href":"https:\/\/vinasfm.com\/noticias\/wp-json\/wp\/v2\/media\/141310"}],"wp:attachment":[{"href":"https:\/\/vinasfm.com\/noticias\/wp-json\/wp\/v2\/media?parent=141309"}],"wp:term":[{"taxonomy":"category","embeddable":true,"href":"https:\/\/vinasfm.com\/noticias\/wp-json\/wp\/v2\/categories?post=141309"},{"taxonomy":"post_tag","embeddable":true,"href":"https:\/\/vinasfm.com\/noticias\/wp-json\/wp\/v2\/tags?post=141309"}],"curies":[{"name":"wp","href":"https:\/\/api.w.org\/{rel}","templated":true}]}}