{"id":141268,"date":"2024-11-05T10:24:59","date_gmt":"2024-11-05T13:24:59","guid":{"rendered":"https:\/\/vinasfm.com\/noticias\/?p=141268"},"modified":"2024-11-06T10:18:41","modified_gmt":"2024-11-06T13:18:41","slug":"anunciaron-la-llegada-de-4-nuevas-licenciaturas-a-general-alvear","status":"publish","type":"post","link":"https:\/\/vinasfm.com\/noticias\/anunciaron-la-llegada-de-4-nuevas-licenciaturas-a-general-alvear\/","title":{"rendered":"ANUNCIARON LA LLEGADA DE 4 NUEVAS LICENCIATURAS A GENERAL ALVEAR"},"content":{"rendered":"<h4><span style=\"color: #000000;\">El Municipio sigue incrementado la oferta acad\u00e9mica en el departamento, llevado a cabo convenios con distintas universidades.<\/span><\/h4>\n<p><span style=\"color: #000000;\"><strong><span style=\"color: #003366;\">Jos\u00e9 Mor\u00e1n<\/span><\/strong>, <em>director de Educaci\u00f3n de General Alvear<\/em> anunci\u00f3 la llegada de4 nuevas licenciaturas gracias a un convenio firmado con la <strong>Universidad Nacional de Luj\u00e1n<\/strong>. Se trata de la <em>Licenciatura de Nivel Inicial, Licenciatura de Geograf\u00eda, Licenciatura en Historia y Licenciatura en Matem\u00e1ticas.<\/em><\/span><\/p>\n<p><span style=\"color: #000000;\"><em><strong>\u201cSon licenciaturas de ciclo complementario, por lo que los futuros estudiantes deben tener un profesorado previo\u201d<\/strong><\/em>, explic\u00f3 Mor\u00e1n y destac\u00f3 que <strong><em>\u201cson carreras totalmente gratuitas y a distancia, con duraci\u00f3n de dos a\u00f1os y medio\u201d. <\/em><\/strong>As\u00ed mismo, el director puso en valor que <strong><em>\u201cestos acuerdos se han podido lograr gracias a una serie de reuniones y en respuesta a las directivas del Sr. Intendente quien nos encomend\u00f3 crear contactos con estas universidades\u201d.<\/em><\/strong><\/span><\/p>\n<p><span style=\"color: #000000;\">Sobre la inscripci\u00f3n, Mor\u00e1n se\u00f1al\u00f3 que <em><strong>\u201chay tiempo hasta el d\u00eda 15 de noviembre, es un tiempo muy corto porque son cupo limitados\u201d.<\/strong> <\/em>Adem\u00e1s, remarc\u00f3 que<em><strong> \u201cel convenio nos da la posibilidad de realizar las inscripciones desde el \u00e1rea de Educaci\u00f3n de General Alvear, funcionando as\u00ed como una sede administrativa de la Universidad Nacional de Luj\u00e1n\u201d. <\/strong><\/em>Los interesados pueden acudir a la Direcci\u00f3n de Educaci\u00f3n <em>(Chapeaurouge 15)<\/em>,de\u00a0 08.00 a 20.00 horas, en donde recibir\u00e1n toda la informaci\u00f3n y el asesoramiento necesario.<\/span><\/p>\n<p><img decoding=\"async\" src=\"https:\/\/scontent.fmdz5-1.fna.fbcdn.net\/v\/t39.30808-6\/465675938_122185204472181050_3260464526015862313_n.jpg?stp=dst-jpg_s600x600&amp;_nc_cat=103&amp;ccb=1-7&amp;_nc_sid=127cfc&amp;_nc_ohc=e9d-_RNjMaQQ7kNvgHSZgFQ&amp;_nc_zt=23&amp;_nc_ht=scontent.fmdz5-1.fna&amp;_nc_gid=ANQXo9vKN27YbZoRm7sap55&amp;oh=00_AYDCdCloqEQIJmZMggTzuS-5iOuSICWUFdd73lm6TiaA6Q&amp;oe=67301162\" alt=\"Puede ser una imagen de 2 personas y texto que dice &quot;Estudi\u00e1 GRATIS en Alvear! Modalidad online INSCRIPCIONES ABIERTAS HASTA EL 30 DE NOVIEMBRE &quot;Tec. Universitaria en Producciones Vegetales Intensivas&quot; Duraci\u00f3n: 2 a\u00f1os y medio Brinda la posibilidad de orTar profesionales capaces de trabajar en actividades relacionadas con producci\u00f3n comercializaci\u00f3n de hortalizas, frutas, plantas ornamentales, medicinales arom\u00e1ticas, como as\u00ed tambi\u00e9n otras actividades afines. M\u00e1s Informaci\u00f3n e inscripciones: Direcci\u00f3n de Educaci\u00f3n (Chapeaurouge 15) de 3a 20 horas. UNIVERSIDAD NACIONAL de MAR DEL PLATA General ALVEAR Tierrad Opartunidades&quot;\" \/><\/p>\n<p><span style=\"color: #000000;\">Por otro lado, el Jos\u00e9 Mor\u00e1n anunci\u00f3 que <strong>\u201cjunto a la Univercidad de Mar del Plata se logr\u00f3 la traer la Tecnicatura Universitaria en Producciones Vegetales Intensivas\u201d.<\/strong> La misma brinda las herramientas para formarse como profesional en la producci\u00f3n y comercializaci\u00f3n de hortalizas, fruta, plantas ornamentales, medicinales y arom\u00e1ticas.<\/span><\/p>\n<p><span style=\"color: #000000;\">Esta novedosa tecnicatura se dictar\u00e1 a distancia y forma gratuita, con una duraci\u00f3n de dos a\u00f1os y medio. <strong>Las inscripciones est\u00e1n abiertas y se extender\u00e1n hasta el 30 de noviembre.<\/strong><\/span><\/p>\n<p>&nbsp;<\/p>\n","protected":false},"excerpt":{"rendered":"<p>El Municipio sigue incrementado la oferta acad\u00e9mica en el departamento, llevado a cabo convenios con distintas universidades. Jos\u00e9 Mor\u00e1n, director de &#8230;<\/p>\n","protected":false},"author":7,"featured_media":141271,"comment_status":"open","ping_status":"open","sticky":false,"template":"","format":"standard","meta":{"footnotes":""},"categories":[10,18],"tags":[],"class_list":["post-141268","post","type-post","status-publish","format-standard","has-post-thumbnail","hentry","category-destacadas","category-educacion"],"_links":{"self":[{"href":"https:\/\/vinasfm.com\/noticias\/wp-json\/wp\/v2\/posts\/141268","targetHints":{"allow":["GET"]}}],"collection":[{"href":"https:\/\/vinasfm.com\/noticias\/wp-json\/wp\/v2\/posts"}],"about":[{"href":"https:\/\/vinasfm.com\/noticias\/wp-json\/wp\/v2\/types\/post"}],"author":[{"embeddable":true,"href":"https:\/\/vinasfm.com\/noticias\/wp-json\/wp\/v2\/users\/7"}],"replies":[{"embeddable":true,"href":"https:\/\/vinasfm.com\/noticias\/wp-json\/wp\/v2\/comments?post=141268"}],"version-history":[{"count":4,"href":"https:\/\/vinasfm.com\/noticias\/wp-json\/wp\/v2\/posts\/141268\/revisions"}],"predecessor-version":[{"id":141277,"href":"https:\/\/vinasfm.com\/noticias\/wp-json\/wp\/v2\/posts\/141268\/revisions\/141277"}],"wp:featuredmedia":[{"embeddable":true,"href":"https:\/\/vinasfm.com\/noticias\/wp-json\/wp\/v2\/media\/141271"}],"wp:attachment":[{"href":"https:\/\/vinasfm.com\/noticias\/wp-json\/wp\/v2\/media?parent=141268"}],"wp:term":[{"taxonomy":"category","embeddable":true,"href":"https:\/\/vinasfm.com\/noticias\/wp-json\/wp\/v2\/categories?post=141268"},{"taxonomy":"post_tag","embeddable":true,"href":"https:\/\/vinasfm.com\/noticias\/wp-json\/wp\/v2\/tags?post=141268"}],"curies":[{"name":"wp","href":"https:\/\/api.w.org\/{rel}","templated":true}]}}