{"id":141226,"date":"2024-11-04T11:04:07","date_gmt":"2024-11-04T14:04:07","guid":{"rendered":"https:\/\/vinasfm.com\/noticias\/?p=141226"},"modified":"2024-11-04T11:05:26","modified_gmt":"2024-11-04T14:05:26","slug":"in-out-de-idesa-ugacoop-una-plataforma-de-talento-y-creatividad","status":"publish","type":"post","link":"https:\/\/vinasfm.com\/noticias\/in-out-de-idesa-ugacoop-una-plataforma-de-talento-y-creatividad\/","title":{"rendered":"\u00abIN OUT\u00bb DE IDESA &#8211; UGACOOP: UNA PLATAFORMA DE TALENTO Y CREATIVIDAD"},"content":{"rendered":"<h4><span style=\"color: #000000;\">General Alvear volvi\u00f3 a llenarse de moda, creatividad y esp\u00edritu cooperativo en la d\u00e9cimo segunda edici\u00f3n del desfile \u00abIn Out\u00bb, organizado por IDESA &#8211; UGACOOP. <\/span><\/h4>\n<p><span style=\"color: #000000;\">Este evento se ha convertido en un emblema de la universidad y en una oportunidad \u00fanica para que las estudiantes exhiban su trabajo. Este a\u00f1o,<strong> el desfile se inspir\u00f3 en las cuatro estaciones, con 70 dise\u00f1os que capturaron la esencia de cada temporada<\/strong>, desde los tonos c\u00e1lidos del verano hasta la frescura del invierno, en una pasarela llena de color y creatividad.<\/span><\/p>\n<p><span style=\"color: #000000;\">El<em> rector de Idesa \u2013 UGACOOP<\/em>, <span style=\"color: #003366;\"><strong>Carlos Raimondi<\/strong><\/span>, comparti\u00f3 la importancia de este evento para la comunidad educativa y para las estudiantes, quienes muestran un fuerte esp\u00edritu emprendedor:<strong><em> \u00abSin la comunidad nosotros no podr\u00edamos avanzar. Cada uno de los usuarios de las cooperativas el\u00e9ctricas aporta a este sue\u00f1o, el de tener una universidad cooperativa en General Alvear, y la sienten como propia\u00bb.<\/em><\/strong> Este respaldo de la comunidad impulsa a las alumnas a perfeccionar su arte y a mostrar sus talentos en un desfile que muchos esperan cada a\u00f1o.<\/span><\/p>\n<p><a href=\"https:\/\/vinasfm.com\/noticias\/wp-content\/uploads\/2024\/11\/IMG_7165.jpg\"><img loading=\"lazy\" decoding=\"async\" class=\"alignnone wp-image-141228\" src=\"https:\/\/vinasfm.com\/noticias\/wp-content\/uploads\/2024\/11\/IMG_7165-682x1024.jpg\" alt=\"\" width=\"250\" height=\"375\" srcset=\"https:\/\/vinasfm.com\/noticias\/wp-content\/uploads\/2024\/11\/IMG_7165-682x1024.jpg 682w, https:\/\/vinasfm.com\/noticias\/wp-content\/uploads\/2024\/11\/IMG_7165-200x300.jpg 200w, https:\/\/vinasfm.com\/noticias\/wp-content\/uploads\/2024\/11\/IMG_7165-768x1152.jpg 768w, https:\/\/vinasfm.com\/noticias\/wp-content\/uploads\/2024\/11\/IMG_7165-1024x1536.jpg 1024w, https:\/\/vinasfm.com\/noticias\/wp-content\/uploads\/2024\/11\/IMG_7165.jpg 1333w\" sizes=\"auto, (max-width: 250px) 100vw, 250px\" \/><\/a> <a href=\"https:\/\/vinasfm.com\/noticias\/wp-content\/uploads\/2024\/11\/IMG_6684.jpg\"><img loading=\"lazy\" decoding=\"async\" class=\"alignnone wp-image-141229\" src=\"https:\/\/vinasfm.com\/noticias\/wp-content\/uploads\/2024\/11\/IMG_6684-682x1024.jpg\" alt=\"\" width=\"250\" height=\"375\" srcset=\"https:\/\/vinasfm.com\/noticias\/wp-content\/uploads\/2024\/11\/IMG_6684-682x1024.jpg 682w, https:\/\/vinasfm.com\/noticias\/wp-content\/uploads\/2024\/11\/IMG_6684-200x300.jpg 200w, https:\/\/vinasfm.com\/noticias\/wp-content\/uploads\/2024\/11\/IMG_6684-768x1152.jpg 768w, https:\/\/vinasfm.com\/noticias\/wp-content\/uploads\/2024\/11\/IMG_6684-1024x1536.jpg 1024w, https:\/\/vinasfm.com\/noticias\/wp-content\/uploads\/2024\/11\/IMG_6684.jpg 1333w\" sizes=\"auto, (max-width: 250px) 100vw, 250px\" \/><\/a> <a href=\"https:\/\/vinasfm.com\/noticias\/wp-content\/uploads\/2024\/11\/IMG_6599.jpg\"><img loading=\"lazy\" decoding=\"async\" class=\"alignnone wp-image-141230\" src=\"https:\/\/vinasfm.com\/noticias\/wp-content\/uploads\/2024\/11\/IMG_6599-682x1024.jpg\" alt=\"\" width=\"250\" height=\"375\" srcset=\"https:\/\/vinasfm.com\/noticias\/wp-content\/uploads\/2024\/11\/IMG_6599-682x1024.jpg 682w, https:\/\/vinasfm.com\/noticias\/wp-content\/uploads\/2024\/11\/IMG_6599-200x300.jpg 200w, https:\/\/vinasfm.com\/noticias\/wp-content\/uploads\/2024\/11\/IMG_6599-768x1152.jpg 768w, https:\/\/vinasfm.com\/noticias\/wp-content\/uploads\/2024\/11\/IMG_6599-1024x1536.jpg 1024w, https:\/\/vinasfm.com\/noticias\/wp-content\/uploads\/2024\/11\/IMG_6599.jpg 1333w\" sizes=\"auto, (max-width: 250px) 100vw, 250px\" \/><\/a> <a href=\"https:\/\/vinasfm.com\/noticias\/wp-content\/uploads\/2024\/11\/IMG_6409.jpg\"><img loading=\"lazy\" decoding=\"async\" class=\"alignnone wp-image-141231\" src=\"https:\/\/vinasfm.com\/noticias\/wp-content\/uploads\/2024\/11\/IMG_6409-682x1024.jpg\" alt=\"\" width=\"250\" height=\"375\" srcset=\"https:\/\/vinasfm.com\/noticias\/wp-content\/uploads\/2024\/11\/IMG_6409-682x1024.jpg 682w, https:\/\/vinasfm.com\/noticias\/wp-content\/uploads\/2024\/11\/IMG_6409-200x300.jpg 200w, https:\/\/vinasfm.com\/noticias\/wp-content\/uploads\/2024\/11\/IMG_6409-768x1152.jpg 768w, https:\/\/vinasfm.com\/noticias\/wp-content\/uploads\/2024\/11\/IMG_6409-1024x1536.jpg 1024w, https:\/\/vinasfm.com\/noticias\/wp-content\/uploads\/2024\/11\/IMG_6409.jpg 1333w\" sizes=\"auto, (max-width: 250px) 100vw, 250px\" \/><\/a><\/p>\n<h6>In Out Pasarela 2024: 4 Estaciones<\/h6>\n<p><span style=\"color: #000000;\">Para <span style=\"color: #003366;\"><strong>Raquel Godoy<\/strong><\/span>, <em>profesora de la carrera de Dise\u00f1o de Indumentaria<\/em>, el desfile no solo es un evento anual, sino una <strong><em>\u00abvidriera\u00bb<\/em><\/strong> crucial para que las alumnas se den a conocer y muestren sus habilidades. <strong><em>\u00abEste a\u00f1o las chicas han trabajado un mont\u00f3n en modelos de pasarela, de gala, de pret-a-porter, y la modalidad es basarse en las cuatro estaciones\u00bb<\/em><\/strong>, coment\u00f3. Adem\u00e1s, resalt\u00f3 que cada estudiante se especializa en distintos \u00e1mbitos, desde moda de fiesta hasta decoraci\u00f3n, deportiva e indumentaria de jard\u00edn, destacando que <strong>varias de ellas ya venden sus creaciones en otras partes de la provincia, incluyendo accesorios y art\u00edculos para el cabello.<\/strong><\/span><\/p>\n<p><span style=\"color: #000000;\">Esta muestra anual de IDESA &#8211; UGACOOP permite a las estudiantes de dise\u00f1o de moda experimentar en un entorno profesional, mientras se enfrentan al reto de plasmar su creatividad en un evento real. La <em>Directora de carrera<\/em>, <span style=\"color: #003366;\"><strong>Mariana Ojeda<\/strong><\/span>, destac\u00f3 que el desfile cumple con las expectativas a\u00f1o tras a\u00f1o:<em><strong> \u00abLa gente lo espera, y nos llena de orgullo ver c\u00f3mo las chicas disfrutan y muestran su talento a trav\u00e9s de sus dise\u00f1os\u00bb.<\/strong><\/em> Adem\u00e1s, este a\u00f1o se retom\u00f3 la participaci\u00f3n de estudiantes de los tres a\u00f1os, enriqueciendo el evento con una variedad de perspectivas e ideas frescas.<\/span><\/p>\n<p><span style=\"color: #000000;\">Este desfile no es solo una celebraci\u00f3n de la moda, sino tambi\u00e9n del compromiso de la universidad y la comunidad, que apuestan juntas por la educaci\u00f3n p\u00fablica, gratuita y de calidad en General Alvear, y apoyan el crecimiento profesional de cada estudiante.<\/span><\/p>\n","protected":false},"excerpt":{"rendered":"<p>General Alvear volvi\u00f3 a llenarse de moda, creatividad y esp\u00edritu cooperativo en la d\u00e9cimo segunda edici\u00f3n del desfile \u00abIn Out\u00bb, organizado &#8230;<\/p>\n","protected":false},"author":7,"featured_media":141227,"comment_status":"open","ping_status":"open","sticky":false,"template":"","format":"standard","meta":{"footnotes":""},"categories":[1],"tags":[],"class_list":["post-141226","post","type-post","status-publish","format-standard","has-post-thumbnail","hentry","category-fmvinas"],"_links":{"self":[{"href":"https:\/\/vinasfm.com\/noticias\/wp-json\/wp\/v2\/posts\/141226","targetHints":{"allow":["GET"]}}],"collection":[{"href":"https:\/\/vinasfm.com\/noticias\/wp-json\/wp\/v2\/posts"}],"about":[{"href":"https:\/\/vinasfm.com\/noticias\/wp-json\/wp\/v2\/types\/post"}],"author":[{"embeddable":true,"href":"https:\/\/vinasfm.com\/noticias\/wp-json\/wp\/v2\/users\/7"}],"replies":[{"embeddable":true,"href":"https:\/\/vinasfm.com\/noticias\/wp-json\/wp\/v2\/comments?post=141226"}],"version-history":[{"count":3,"href":"https:\/\/vinasfm.com\/noticias\/wp-json\/wp\/v2\/posts\/141226\/revisions"}],"predecessor-version":[{"id":141234,"href":"https:\/\/vinasfm.com\/noticias\/wp-json\/wp\/v2\/posts\/141226\/revisions\/141234"}],"wp:featuredmedia":[{"embeddable":true,"href":"https:\/\/vinasfm.com\/noticias\/wp-json\/wp\/v2\/media\/141227"}],"wp:attachment":[{"href":"https:\/\/vinasfm.com\/noticias\/wp-json\/wp\/v2\/media?parent=141226"}],"wp:term":[{"taxonomy":"category","embeddable":true,"href":"https:\/\/vinasfm.com\/noticias\/wp-json\/wp\/v2\/categories?post=141226"},{"taxonomy":"post_tag","embeddable":true,"href":"https:\/\/vinasfm.com\/noticias\/wp-json\/wp\/v2\/tags?post=141226"}],"curies":[{"name":"wp","href":"https:\/\/api.w.org\/{rel}","templated":true}]}}