{"id":141221,"date":"2024-11-04T10:29:49","date_gmt":"2024-11-04T13:29:49","guid":{"rendered":"https:\/\/vinasfm.com\/noticias\/?p=141221"},"modified":"2024-11-04T10:53:39","modified_gmt":"2024-11-04T13:53:39","slug":"no-hay-certezas-alertan-sobre-el-incremento-en-el-valor-de-la-lucha-antigranizo-y-la-fecha-de-inicio","status":"publish","type":"post","link":"https:\/\/vinasfm.com\/noticias\/no-hay-certezas-alertan-sobre-el-incremento-en-el-valor-de-la-lucha-antigranizo-y-la-fecha-de-inicio\/","title":{"rendered":"NO HAY CERTEZAS: ALERTAN SOBRE EL INCREMENTO EN EL VALOR DE LA LUCHA ANTIGRANIZO Y LA FECHA DE INICIO"},"content":{"rendered":"<div class=\"elementor-element elementor-element-4718c19d elementor-widget elementor-widget-theme-post-featured-image elementor-widget-image\" data-id=\"4718c19d\" data-element_type=\"widget\" data-widget_type=\"theme-post-featured-image.default\">\n<h4 class=\"elementor-widget-container\">Mauricio Mar\u00edn, presidente de la espec\u00edfica de Agricultura de la C\u00e1mara de Comercio de San Rafael, ha expresado su preocupaci\u00f3n por el retraso y las dificultades en la implementaci\u00f3n del sistema de lucha antigranizo en el sur de Mendoza.<\/h4>\n<\/div>\n<div class=\"elementor-element elementor-element-5df60803 elementor-widget elementor-widget-jnews_post_share_elementor\" data-id=\"5df60803\" data-element_type=\"widget\" data-widget_type=\"jnews_post_share_elementor.default\">\n<div class=\"elementor-widget-container\">\n<div class=\"jeg_custom_share_wrapper \">\n<div class=\"jeg_share_bottom_container\">\n<div class=\"jeg_share_button share-bottom clearfix\">Las recientes tormentas ya han provocado p\u00e9rdidas significativas, y a\u00fan no se ha llegado a un acuerdo definitivo para poner en marcha el sistema de mitigaci\u00f3n. Dentro de ese contexto, Mar\u00edn describi\u00f3 un escenario complicado, marcado por una licitaci\u00f3n cuyo presupuesto original fue ampliamente superado por las ofertas recibidas de las empresas interesadas en prestar el servicio.<\/div>\n<\/div>\n<\/div>\n<\/div>\n<\/div>\n<div class=\"elementor-element elementor-element-c0e6b48 elementor-widget elementor-widget-theme-post-content\" data-id=\"c0e6b48\" data-element_type=\"widget\" data-widget_type=\"theme-post-content.default\">\n<div class=\"elementor-widget-container\">\n<p><em><strong>\u201cEl presupuesto oficial para esta temporada era de 2.590 millones de pesos, pero las ofertas de las empresas est\u00e1n en el orden de los 4.000 millones\u201d<\/strong><\/em>, explic\u00f3 Mar\u00edn. La diferencia de m\u00e1s de 1.500 millones ha generado un dilema para el comit\u00e9 a cargo de la licitaci\u00f3n, compuesto por representantes de la C\u00e1mara de Comercio y otras entidades locales. Mar\u00edn reconoci\u00f3 que el presupuesto inicial probablemente fue subestimado. <em><strong>\u201cEl comit\u00e9 lo conformamos tres personas que no tenemos la expertise de una empresa aeron\u00e1utica. No realizamos nosotros ese presupuesto de 2.590 millones\u201d<\/strong><\/em>, sostuvo.<\/p>\n<p>Adem\u00e1s, el <strong>Ministerio de la Producci\u00f3n<\/strong>, seg\u00fan Mar\u00edn, <strong>estuvo a cargo de coordinar el presupuesto en base a reuniones con los municipios.<\/strong> Sin embargo, el c\u00e1lculo parece haber sido insuficiente ante la realidad del mercado y los costos operativos que enfrentan las empresas privadas.<strong><em> \u201cA veces, los montos que maneja el Ministerio parecen fluctuar sin una correlaci\u00f3n clara. Escuchamos cifras de hasta 17 millones de d\u00f3lares que luego se reducen\u201d<\/em><\/strong>, a\u00f1adi\u00f3 Mar\u00edn, resaltando la falta de un sistema de evaluaci\u00f3n de costos unificado y preciso.<\/p>\n<p>Una de las principales inquietudes entre los productores y la ciudadan\u00eda en general es cu\u00e1ndo comenzar\u00e1 a funcionar el sistema antigranizo, ya que la temporada de tormentas est\u00e1 en plena actividad. Al respecto, Mar\u00edn mencion\u00f3 que, a pesar de las negociaciones, se estima que el servicio podr\u00eda estar operativo reci\u00e9n a partir del 11 de diciembre. <strong><em>\u201cEl tiempo pasa, las tormentas siguen llegando, y los productores ya est\u00e1n sufriendo da\u00f1os severos. El viernes mismo hubo gente que perdi\u00f3 todo\u201d<\/em><\/strong>, lament\u00f3. Seg\u00fan Mar\u00edn, la falta de previsi\u00f3n es un problema recurrente. <em><strong>\u201cEstamos hablando de p\u00e9rdidas importantes y de da\u00f1os que afectan no solo a los productores, sino tambi\u00e9n a los hogares y comercios de la regi\u00f3n<\/strong><\/em>\u201d, se\u00f1al\u00f3.<\/p>\n<p>Ante la diferencia de presupuesto, se les solicit\u00f3 a las empresas oferentes que mejoraran sus propuestas econ\u00f3micas. <strong><em>\u201cEl viernes, una de las empresas propuso una reducci\u00f3n de apenas el 4% y pico de su oferta original, mientras que la otra hizo una mejora en una de las opciones m\u00e1s econ\u00f3micas\u201d<\/em><\/strong>, explic\u00f3 Mar\u00edn, refiri\u00e9ndose al proceso de negociaci\u00f3n que podr\u00eda continuar durante los pr\u00f3ximos d\u00edas. Sin embargo, el dirigente agr\u00edcola advirti\u00f3 que la soluci\u00f3n no es sencilla ni inmediata, dado que tambi\u00e9n deben cumplirse requisitos legales y procedimientos de adjudicaci\u00f3n al tratarse de fondos p\u00fablicos.<\/p>\n<p>El retraso en la implementaci\u00f3n del sistema tambi\u00e9n tiene ra\u00edces en decisiones gubernamentales. Mar\u00edn apunt\u00f3 que el Ejecutivo Provincial decidi\u00f3 de forma unilateral cambiar el esquema de contrataci\u00f3n que estaba vigente hasta hace pocos meses, dejando a AEMSA, la empresa que ven\u00eda operando, sin el contrato.<em><strong> \u201cEsto podr\u00eda haberse programado para la pr\u00f3xima temporada, permitiendo un proceso m\u00e1s ordenado y participativo\u201d<\/strong><\/em>, critic\u00f3 Mar\u00edn.<\/p>\n<p>Uno de los aspectos m\u00e1s discutidos es el financiamiento del sistema antigranizo. Originalmente, l<strong>os municipios de San Rafael y General Alvear hab\u00edan propuesto un esquema de aportes a trav\u00e9s de las facturas de electricidad, con la intenci\u00f3n de recaudar los 2.590 millones de pesos<\/strong>. Sin embargo, ahora, a<strong><em>nte el aumento en las ofertas, esa suma resulta insuficiente.<\/em> <em>\u201cSi la propuesta va en ese sentido, el aporte de los vecinos y de la provincia es insuficiente\u201d<\/em><\/strong>, advirti\u00f3 Mar\u00edn, se\u00f1alando que deber\u00e1n buscarse fuentes adicionales de recursos. Sin embargo, aclar\u00f3 que cargar m\u00e1s costos sobre la poblaci\u00f3n no deber\u00eda ser la soluci\u00f3n: <strong><em>\u201cNo creo que ese sea el camino, no deber\u00eda serlo\u201d.<\/em><\/strong><\/p>\n<p>El sistema de mitigaci\u00f3n contra el granizo que busca implementar el gobierno cuenta con dos empresas principales interesadas: WMI (Weather Modification) y Aerotec. La propuesta de WMI incluye la posible contrataci\u00f3n de pilotos y t\u00e9cnicos extranjeros, lo que ha generado cr\u00edticas. Seg\u00fan Mar\u00edn, el proceso de selecci\u00f3n de empresas est\u00e1 en an\u00e1lisis y, aunque ambas cumplen con los requisitos, a\u00fan falta revisar los informes t\u00e9cnicos y otros detalles operativos. Mencion\u00f3 la dificultad de tomar decisiones r\u00e1pidas debido a las normativas y procedimientos para la contrataci\u00f3n de servicios con fondos p\u00fablicos: <em><strong>\u201cEstamos en una situaci\u00f3n donde tenemos que definir qui\u00e9n se har\u00e1 cargo de la operaci\u00f3n, y dentro de ese proceso hay todo un procedimiento legal que respetar\u201d.<\/strong><\/em><\/p>\n<p>Finalmente, Mar\u00edn remarc\u00f3 la importancia de aprender de esta situaci\u00f3n para no repetir errores en el futuro. <strong><em>\u201cLo que buscamos es evitar que el pr\u00f3ximo a\u00f1o enfrentemos una situaci\u00f3n similar. Esto deber\u00eda haberse planificado con tiempo y recursos suficientes\u201d<\/em><\/strong>, concluy\u00f3, reiterando la necesidad de un compromiso m\u00e1s fuerte del gobierno para implementar un sistema antigranizo eficiente y sostenible a largo plazo.<\/p>\n<h6>Diario San Rafael.<\/h6>\n<\/div>\n<\/div>\n","protected":false},"excerpt":{"rendered":"<p>Mauricio Mar\u00edn, presidente de la espec\u00edfica de Agricultura de la C\u00e1mara de Comercio de San Rafael, ha expresado su preocupaci\u00f3n por &#8230;<\/p>\n","protected":false},"author":7,"featured_media":120908,"comment_status":"open","ping_status":"open","sticky":false,"template":"","format":"standard","meta":{"footnotes":""},"categories":[1],"tags":[],"class_list":["post-141221","post","type-post","status-publish","format-standard","has-post-thumbnail","hentry","category-fmvinas"],"_links":{"self":[{"href":"https:\/\/vinasfm.com\/noticias\/wp-json\/wp\/v2\/posts\/141221","targetHints":{"allow":["GET"]}}],"collection":[{"href":"https:\/\/vinasfm.com\/noticias\/wp-json\/wp\/v2\/posts"}],"about":[{"href":"https:\/\/vinasfm.com\/noticias\/wp-json\/wp\/v2\/types\/post"}],"author":[{"embeddable":true,"href":"https:\/\/vinasfm.com\/noticias\/wp-json\/wp\/v2\/users\/7"}],"replies":[{"embeddable":true,"href":"https:\/\/vinasfm.com\/noticias\/wp-json\/wp\/v2\/comments?post=141221"}],"version-history":[{"count":4,"href":"https:\/\/vinasfm.com\/noticias\/wp-json\/wp\/v2\/posts\/141221\/revisions"}],"predecessor-version":[{"id":141225,"href":"https:\/\/vinasfm.com\/noticias\/wp-json\/wp\/v2\/posts\/141221\/revisions\/141225"}],"wp:featuredmedia":[{"embeddable":true,"href":"https:\/\/vinasfm.com\/noticias\/wp-json\/wp\/v2\/media\/120908"}],"wp:attachment":[{"href":"https:\/\/vinasfm.com\/noticias\/wp-json\/wp\/v2\/media?parent=141221"}],"wp:term":[{"taxonomy":"category","embeddable":true,"href":"https:\/\/vinasfm.com\/noticias\/wp-json\/wp\/v2\/categories?post=141221"},{"taxonomy":"post_tag","embeddable":true,"href":"https:\/\/vinasfm.com\/noticias\/wp-json\/wp\/v2\/tags?post=141221"}],"curies":[{"name":"wp","href":"https:\/\/api.w.org\/{rel}","templated":true}]}}