{"id":141206,"date":"2024-11-02T09:46:13","date_gmt":"2024-11-02T12:46:13","guid":{"rendered":"https:\/\/vinasfm.com\/noticias\/?p=141206"},"modified":"2024-11-04T10:06:18","modified_gmt":"2024-11-04T13:06:18","slug":"capacitacion-sobre-prevencion-del-suicidio-en-general-alvear","status":"publish","type":"post","link":"https:\/\/vinasfm.com\/noticias\/capacitacion-sobre-prevencion-del-suicidio-en-general-alvear\/","title":{"rendered":"SE REALIZ\u00d3 UNA IMPORTANTE CAPACITACI\u00d3N SOBRE PREVENCI\u00d3N DEL SUICIDIO EN GENERAL ALVEAR"},"content":{"rendered":"<h4><span style=\"color: #000000;\">En el sal\u00f3n San Mart\u00edn del Concejo Deliberante de General Alvear, se llev\u00f3 a cabo una importante capacitaci\u00f3n sobre prevenci\u00f3n del suicidio. <\/span><\/h4>\n<p><span style=\"color: #000000;\">Este encuentro tuvo como objetivo principal profundizar en la Ley 27.130 de prevenci\u00f3n del suicidio y cont\u00f3 con la participaci\u00f3n de la<em> licenciada<\/em> <span style=\"color: #003366;\"><strong>Claudia Motta<\/strong><\/span>, <em>referente provincial<\/em> en este tema, y un equipo de profesionales de San Rafael como<em> la referente en la zona sur<\/em> <span style=\"color: #003366;\"><strong>Florencia El\u00edas<\/strong><\/span><\/span><\/p>\n<p><span style=\"color: #000000;\">La capacitaci\u00f3n se centr\u00f3 en compartir experiencias y establecer un equipo territorial dedicado a la prevenci\u00f3n, posvenci\u00f3n y asistencia en situaciones de riesgo. Durante el encuentro, <strong>se destac\u00f3 la necesidad de un enfoque interdisciplinario y comunitario, especialmente ante el preocupante aumento de suicidios en la regi\u00f3n.<\/strong> Florencia El\u00edas enfatiz\u00f3 la importancia de crear un equipo en General Alvear que trabaje en estos ejes y que se encargue de la detecci\u00f3n y derivaci\u00f3n de casos.<\/span><\/p>\n<p><span style=\"color: #000000;\">Entre los puntos m\u00e1s relevantes abordados, se resalt\u00f3 el valor de la capacitaci\u00f3n y la escucha activa para ayudar a quienes atraviesan momentos dif\u00edciles. Adem\u00e1s, se hizo hincapi\u00e9 en la necesidad de contrarrestar diferentes formas de violencia que afectan particularmente a los j\u00f3venes. <em><strong>\u201cEs fundamental buscar estrategias para resolver problemas y brindar acompa\u00f1amiento a quienes sufren\u201d<\/strong><\/em>, subray\u00f3 <strong>Claudia Motta.<\/strong><\/span><\/p>\n<p><span style=\"color: #000000;\">Tambi\u00e9n proporcion\u00f3 informaci\u00f3n sobre dos l\u00edneas importantes para asistencia: <em>el 102, destinado a ni\u00f1os, ni\u00f1as y adolescentes, y el 148 para salud mental.<\/em> Estas herramientas son esenciales para facilitar el acceso a ayuda profesional en momentos cr\u00edticos.<\/span><\/p>\n<p><span style=\"color: #000000;\">El <em>Director del Hospital<\/em>, <span style=\"color: #003366;\"><strong>Alejandro Torres<\/strong><\/span>, tambi\u00e9n particip\u00f3 del encuentro y destac\u00f3<strong> la relevancia de abordar la salud mental, que ha sido \u201cdescuidada\u201d en comparaci\u00f3n con la salud f\u00edsica.<\/strong> Torres mencion\u00f3 el impacto psicol\u00f3gico que ha dejado la pandemia y present\u00f3 un programa del hospital llamado \u00abCuenta Conmigo\u00bb, dise\u00f1ado para ayudar a menores con intentos de autolesi\u00f3n. Resalt\u00f3 que involucrar a las familias en el tratamiento es crucial para el \u00e9xito del mismo.<\/span><\/p>\n<p><span style=\"color: #000000;\"><em><strong>\u201cAunque a\u00fan queda mucho por hacer, hemos comenzado a implementar pol\u00edticas sanitarias que buscan mejorar la atenci\u00f3n en salud mental. La construcci\u00f3n de un pabell\u00f3n de psiquiatr\u00eda es un paso positivo hacia adelante\u201d<\/strong><\/em>, reflexion\u00f3 Torres.<\/span><\/p>\n<p><span style=\"color: #000000;\">Este tipo de capacitaciones <strong>son vitales para crear conciencia sobre la importancia de la salud mental y fomentar un entorno donde las personas puedan sentirse apoyadas y comprendidas.<\/strong> La colaboraci\u00f3n entre diferentes actores sociales es esencial para abordar esta problem\u00e1tica con seriedad y compromiso.<\/span><\/p>\n","protected":false},"excerpt":{"rendered":"<p>En el sal\u00f3n San Mart\u00edn del Concejo Deliberante de General Alvear, se llev\u00f3 a cabo una importante capacitaci\u00f3n sobre prevenci\u00f3n del &#8230;<\/p>\n","protected":false},"author":7,"featured_media":141208,"comment_status":"open","ping_status":"open","sticky":false,"template":"","format":"standard","meta":{"footnotes":""},"categories":[15,11],"tags":[],"class_list":["post-141206","post","type-post","status-publish","format-standard","has-post-thumbnail","hentry","category-salud","category-sociales"],"_links":{"self":[{"href":"https:\/\/vinasfm.com\/noticias\/wp-json\/wp\/v2\/posts\/141206","targetHints":{"allow":["GET"]}}],"collection":[{"href":"https:\/\/vinasfm.com\/noticias\/wp-json\/wp\/v2\/posts"}],"about":[{"href":"https:\/\/vinasfm.com\/noticias\/wp-json\/wp\/v2\/types\/post"}],"author":[{"embeddable":true,"href":"https:\/\/vinasfm.com\/noticias\/wp-json\/wp\/v2\/users\/7"}],"replies":[{"embeddable":true,"href":"https:\/\/vinasfm.com\/noticias\/wp-json\/wp\/v2\/comments?post=141206"}],"version-history":[{"count":4,"href":"https:\/\/vinasfm.com\/noticias\/wp-json\/wp\/v2\/posts\/141206\/revisions"}],"predecessor-version":[{"id":141217,"href":"https:\/\/vinasfm.com\/noticias\/wp-json\/wp\/v2\/posts\/141206\/revisions\/141217"}],"wp:featuredmedia":[{"embeddable":true,"href":"https:\/\/vinasfm.com\/noticias\/wp-json\/wp\/v2\/media\/141208"}],"wp:attachment":[{"href":"https:\/\/vinasfm.com\/noticias\/wp-json\/wp\/v2\/media?parent=141206"}],"wp:term":[{"taxonomy":"category","embeddable":true,"href":"https:\/\/vinasfm.com\/noticias\/wp-json\/wp\/v2\/categories?post=141206"},{"taxonomy":"post_tag","embeddable":true,"href":"https:\/\/vinasfm.com\/noticias\/wp-json\/wp\/v2\/tags?post=141206"}],"curies":[{"name":"wp","href":"https:\/\/api.w.org\/{rel}","templated":true}]}}