{"id":141192,"date":"2024-11-04T08:22:45","date_gmt":"2024-11-04T11:22:45","guid":{"rendered":"https:\/\/vinasfm.com\/noticias\/?p=141192"},"modified":"2024-11-04T08:22:45","modified_gmt":"2024-11-04T11:22:45","slug":"produccion-promueve-habitos-saludables-para-mejorar-la-calidad-de-vida-en-entornos-laborales","status":"publish","type":"post","link":"https:\/\/vinasfm.com\/noticias\/produccion-promueve-habitos-saludables-para-mejorar-la-calidad-de-vida-en-entornos-laborales\/","title":{"rendered":"PRODUCCI\u00d3N PROMUEVE H\u00c1BITOS SALUDABLES PARA MEJORAR LA CALIDAD DE VIDA EN ENTORNOS LABORALES"},"content":{"rendered":"<h4><span style=\"color: #000000;\"><strong>En el marco de una nueva edici\u00f3n de las Jornadas Saludables, podr\u00e1n participar todos los trabajadores de la Casa de Gobierno. Ser\u00e1 este 5 de noviembre, de 10 a 13, en el Parque C\u00edvico de Ciudad.<\/strong><\/span><\/h4>\n<p><span style=\"color: #000000;\">El<strong> Ministerio de Producci\u00f3n<\/strong>, a trav\u00e9s de su <em>\u00e1rea de Recursos Humanos<\/em>, informa que este martes 5, de 10 a 13, se llevar\u00e1 a cabo la octava edici\u00f3n de las Jornadas Saludables 2024.<\/span><\/p>\n<p><span style=\"color: #000000;\">Destinada a trabajadores y trabajadoras de la Casa de Gobierno, la iniciativa tendr\u00e1 lugar en el Parque C\u00edvico de Ciudad, en sector Oeste del Memorial de la Bandera.<\/span><\/p>\n<p><span style=\"color: #000000;\">Con <strong>el objetivo de promover h\u00e1bitos saludables para mejorar la calidad de vida en entornos laborale<\/strong>s, la propuesta constar\u00e1 de 6 postas donde <strong>se podr\u00e1 acceder a informaci\u00f3n de utilidad, a cargo de la Direcci\u00f3n de Prevenci\u00f3n y Promoci\u00f3n de la Salud (Posta 1).<\/strong><\/span><\/p>\n<p><span style=\"color: #000000;\"><strong>En tanto, la\u00a0Obra Social de los Empleados P\u00fablicos\u00a0(OSEP) estar\u00e1 a cargo de la Posta 2<\/strong>, donde se podr\u00e1n conocer en detalle todos los beneficios que esta obra social tiene a disposici\u00f3n de sus afiliados.<\/span><\/p>\n<p><img decoding=\"async\" src=\"https:\/\/www.mendoza.gov.ar\/wp-content\/uploads\/sites\/5\/2024\/11\/WhatsApp-Image-2024-11-01-at-10.56.40-700x700.jpeg\" \/><\/p>\n<p><span style=\"color: #000000;\"><strong>La salud mental y los deportes ser\u00e1n dos tem\u00e1ticas que se abordar\u00e1n en la\u00a0Posta 3,\u00a0mientras que en la\u00a0Posta 4 se podr\u00e1 disfrutar de una cocina en vivo de la mano del programa Ra\u00edces Mendoza<\/strong>, iniciativa impulsada por la cartera de Producci\u00f3n, que busca el posicionamiento de productos mendocinos en las g\u00f3ndolas de los grandes centros comerciales.<\/span><\/p>\n<p><span style=\"color: #000000;\">Seg\u00fan detallaron desde el Ejecutivo provincial, <strong>la jornada contar\u00e1 con dos espacios m\u00e1s que tendr\u00e1n que ver con los beneficios de incorporar una\u00a0merienda saludable (Posta 5),\u00a0mientras que la\u00a0sexta y \u00faltima posta\u00a0estar\u00e1 a cargo del Cuerpo de Brigadistas<\/strong>, quienes brindar\u00e1n informaci\u00f3n sobre c\u00f3mo proceder ante una emergencia en cualquiera de sus modalidades.<\/span><\/p>\n<p><span style=\"color: #000000;\">Al cierre, desde la cartera de Producci\u00f3n remarcaron que la propuesta, la octava ya desde su lanzamiento,\u00a0ser\u00e1 gratuita\u00a0para todos los trabajadores de la Casa de Gobierno como tambi\u00e9n de las reparticiones vinculadas.\u00a0<\/span><\/p>\n","protected":false},"excerpt":{"rendered":"<p>En el marco de una nueva edici\u00f3n de las Jornadas Saludables, podr\u00e1n participar todos los trabajadores de la Casa de Gobierno. &#8230;<\/p>\n","protected":false},"author":7,"featured_media":119408,"comment_status":"open","ping_status":"open","sticky":false,"template":"","format":"standard","meta":{"footnotes":""},"categories":[1],"tags":[],"class_list":["post-141192","post","type-post","status-publish","format-standard","has-post-thumbnail","hentry","category-fmvinas"],"_links":{"self":[{"href":"https:\/\/vinasfm.com\/noticias\/wp-json\/wp\/v2\/posts\/141192","targetHints":{"allow":["GET"]}}],"collection":[{"href":"https:\/\/vinasfm.com\/noticias\/wp-json\/wp\/v2\/posts"}],"about":[{"href":"https:\/\/vinasfm.com\/noticias\/wp-json\/wp\/v2\/types\/post"}],"author":[{"embeddable":true,"href":"https:\/\/vinasfm.com\/noticias\/wp-json\/wp\/v2\/users\/7"}],"replies":[{"embeddable":true,"href":"https:\/\/vinasfm.com\/noticias\/wp-json\/wp\/v2\/comments?post=141192"}],"version-history":[{"count":1,"href":"https:\/\/vinasfm.com\/noticias\/wp-json\/wp\/v2\/posts\/141192\/revisions"}],"predecessor-version":[{"id":141193,"href":"https:\/\/vinasfm.com\/noticias\/wp-json\/wp\/v2\/posts\/141192\/revisions\/141193"}],"wp:featuredmedia":[{"embeddable":true,"href":"https:\/\/vinasfm.com\/noticias\/wp-json\/wp\/v2\/media\/119408"}],"wp:attachment":[{"href":"https:\/\/vinasfm.com\/noticias\/wp-json\/wp\/v2\/media?parent=141192"}],"wp:term":[{"taxonomy":"category","embeddable":true,"href":"https:\/\/vinasfm.com\/noticias\/wp-json\/wp\/v2\/categories?post=141192"},{"taxonomy":"post_tag","embeddable":true,"href":"https:\/\/vinasfm.com\/noticias\/wp-json\/wp\/v2\/tags?post=141192"}],"curies":[{"name":"wp","href":"https:\/\/api.w.org\/{rel}","templated":true}]}}