{"id":141179,"date":"2024-11-02T12:32:18","date_gmt":"2024-11-02T15:32:18","guid":{"rendered":"https:\/\/vinasfm.com\/noticias\/?p=141179"},"modified":"2024-11-04T10:26:09","modified_gmt":"2024-11-04T13:26:09","slug":"la-tormenta-causo-graves-danos-en-el-agro-de-la-region","status":"publish","type":"post","link":"https:\/\/vinasfm.com\/noticias\/la-tormenta-causo-graves-danos-en-el-agro-de-la-region\/","title":{"rendered":"LA TORMENTA DEL VIERNES CAUS\u00d3 GRAVES DA\u00d1OS EN EL AGRO DE LA REGI\u00d3N"},"content":{"rendered":"<h4><span style=\"color: #000000;\">Si bien en General Alvear no se registraron grandes p\u00e9rdidas, Monte Com\u00e1n y Real de Padre resultaron las zonas m\u00e1s afectadas.\u00a0<\/span><\/h4>\n<p><span style=\"color: #000000;\">Desde el medio d\u00eda del viernes, Defensa Civil comenz\u00f3 a emitir alertas por tormentas con posible ca\u00edda de granizo. Horas m\u00e1s tardes el pron\u00f3stico se cumpli\u00f3 causando grandes da\u00f1os en viviendas y en el sector productivo.\u00a0<\/span><\/p>\n<p><span style=\"color: #000000;\">Consultado por la situaci\u00f3n en el departamento, el d<em>irector de Agr\u00edcultura<\/em>, <span style=\"color: #003366;\"><strong>Agust\u00edn Anzorena<\/strong><\/span>, explic\u00f3 que \u00ab<em><strong>afortunadamente, en General Alvear no se registr\u00f3 la ca\u00edda de granizo que produjera da\u00f1os significativos, a diferencia de localidades cercanas como Real del Padre, La Llave y Monte Com\u00e1n\u00bb\u00a0<\/strong><\/em>y agreg\u00f3 <strong><em>\u00abes una jornada muy triste para el agro de Oasis Sur\u00bb.<\/em><\/strong><\/span><\/p>\n<p><a href=\"https:\/\/vinasfm.com\/noticias\/wp-content\/uploads\/2024\/11\/IMG-20241101-WA0052.jpg\"><img loading=\"lazy\" decoding=\"async\" class=\"alignnone size-medium wp-image-141181\" src=\"https:\/\/vinasfm.com\/noticias\/wp-content\/uploads\/2024\/11\/IMG-20241101-WA0052-169x300.jpg\" alt=\"\" width=\"169\" height=\"300\" srcset=\"https:\/\/vinasfm.com\/noticias\/wp-content\/uploads\/2024\/11\/IMG-20241101-WA0052-169x300.jpg 169w, https:\/\/vinasfm.com\/noticias\/wp-content\/uploads\/2024\/11\/IMG-20241101-WA0052-576x1024.jpg 576w, https:\/\/vinasfm.com\/noticias\/wp-content\/uploads\/2024\/11\/IMG-20241101-WA0052.jpg 581w\" sizes=\"auto, (max-width: 169px) 100vw, 169px\" \/><\/a> <a href=\"https:\/\/vinasfm.com\/noticias\/wp-content\/uploads\/2024\/11\/IMG-20241101-WA0051.jpg\"><img loading=\"lazy\" decoding=\"async\" class=\"alignnone size-medium wp-image-141182\" src=\"https:\/\/vinasfm.com\/noticias\/wp-content\/uploads\/2024\/11\/IMG-20241101-WA0051-169x300.jpg\" alt=\"\" width=\"169\" height=\"300\" srcset=\"https:\/\/vinasfm.com\/noticias\/wp-content\/uploads\/2024\/11\/IMG-20241101-WA0051-169x300.jpg 169w, https:\/\/vinasfm.com\/noticias\/wp-content\/uploads\/2024\/11\/IMG-20241101-WA0051-576x1024.jpg 576w, https:\/\/vinasfm.com\/noticias\/wp-content\/uploads\/2024\/11\/IMG-20241101-WA0051.jpg 581w\" sizes=\"auto, (max-width: 169px) 100vw, 169px\" \/><\/a><\/p>\n<h6>Piedra en Real de Padre.<\/h6>\n<p><span style=\"color: #000000;\">As\u00ed mismo, Anzorena se refiri\u00f3 a la advertencia del Ing. Ra\u00fal Besa y se\u00f1al\u00f3 que <em><strong>\u00abson dos tormentas con granizo de grandes dimensiones que afectan, principalmente, a distritos de San Rafael\u00bb. <\/strong><\/em><\/span><\/p>\n<p><span style=\"color: #000000;\">Con los lamentables resultados de la tormenta, se espera que se aceleren los procesos para poder reactivar el Sistema de Lucha Antigranizo en el Sur Mendocino durante la temporada.<\/span><\/p>\n<div style=\"width: 478px;\" class=\"wp-video\"><video class=\"wp-video-shortcode\" id=\"video-141179-1\" width=\"478\" height=\"850\" preload=\"metadata\" controls=\"controls\"><source type=\"video\/mp4\" src=\"https:\/\/vinasfm.com\/noticias\/wp-content\/uploads\/2024\/11\/VID-20241102-WA0037.mp4?_=1\" \/><a href=\"https:\/\/vinasfm.com\/noticias\/wp-content\/uploads\/2024\/11\/VID-20241102-WA0037.mp4\">https:\/\/vinasfm.com\/noticias\/wp-content\/uploads\/2024\/11\/VID-20241102-WA0037.mp4<\/a><\/video><\/div>\n<h6>Precipitaciones en Monte Com\u00e1n.<\/h6>\n","protected":false},"excerpt":{"rendered":"<p>Si bien en General Alvear no se registraron grandes p\u00e9rdidas, Monte Com\u00e1n y Real de Padre resultaron las zonas m\u00e1s afectadas.\u00a0 &#8230;<\/p>\n","protected":false},"author":7,"featured_media":141183,"comment_status":"open","ping_status":"open","sticky":false,"template":"","format":"standard","meta":{"footnotes":""},"categories":[5,10],"tags":[],"class_list":["post-141179","post","type-post","status-publish","format-standard","has-post-thumbnail","hentry","category-actualidad","category-destacadas"],"_links":{"self":[{"href":"https:\/\/vinasfm.com\/noticias\/wp-json\/wp\/v2\/posts\/141179","targetHints":{"allow":["GET"]}}],"collection":[{"href":"https:\/\/vinasfm.com\/noticias\/wp-json\/wp\/v2\/posts"}],"about":[{"href":"https:\/\/vinasfm.com\/noticias\/wp-json\/wp\/v2\/types\/post"}],"author":[{"embeddable":true,"href":"https:\/\/vinasfm.com\/noticias\/wp-json\/wp\/v2\/users\/7"}],"replies":[{"embeddable":true,"href":"https:\/\/vinasfm.com\/noticias\/wp-json\/wp\/v2\/comments?post=141179"}],"version-history":[{"count":4,"href":"https:\/\/vinasfm.com\/noticias\/wp-json\/wp\/v2\/posts\/141179\/revisions"}],"predecessor-version":[{"id":141216,"href":"https:\/\/vinasfm.com\/noticias\/wp-json\/wp\/v2\/posts\/141179\/revisions\/141216"}],"wp:featuredmedia":[{"embeddable":true,"href":"https:\/\/vinasfm.com\/noticias\/wp-json\/wp\/v2\/media\/141183"}],"wp:attachment":[{"href":"https:\/\/vinasfm.com\/noticias\/wp-json\/wp\/v2\/media?parent=141179"}],"wp:term":[{"taxonomy":"category","embeddable":true,"href":"https:\/\/vinasfm.com\/noticias\/wp-json\/wp\/v2\/categories?post=141179"},{"taxonomy":"post_tag","embeddable":true,"href":"https:\/\/vinasfm.com\/noticias\/wp-json\/wp\/v2\/tags?post=141179"}],"curies":[{"name":"wp","href":"https:\/\/api.w.org\/{rel}","templated":true}]}}