{"id":141172,"date":"2024-11-02T01:17:10","date_gmt":"2024-11-02T04:17:10","guid":{"rendered":"https:\/\/vinasfm.com\/noticias\/?p=141172"},"modified":"2024-11-04T10:04:55","modified_gmt":"2024-11-04T13:04:55","slug":"con-gran-recibimiento-por-parte-de-alvear-se-desarrollo-el-seminario-de-comercio-exterior-y-espiritu-emprendedor","status":"publish","type":"post","link":"https:\/\/vinasfm.com\/noticias\/con-gran-recibimiento-por-parte-de-alvear-se-desarrollo-el-seminario-de-comercio-exterior-y-espiritu-emprendedor\/","title":{"rendered":"CON GRAN RECIBIMIENTO POR PARTE DE ALVEAR SE DESARROLL\u00d3 EL SEMINARIO DE COMERCIO EXTERIOR Y ESP\u00cdRITU EMPRENDEDOR"},"content":{"rendered":"<p><strong>Con gran inter\u00e9s por parte de los estudiantes del Instituto Tecnol\u00f3gico Universitario (ITU) dependiente de la Universidad Nacional de Cuyo, con sede en General Alvear, se desarroll\u00f3 el Seminario \u00abComercio Exterior y Esp\u00edritu Emprendedor\u00bb.<\/strong><\/p>\n<p>Esta jornada, organizada por la Municipalidad de General Alvear en colaboraci\u00f3n con ProMendoza, Universidad Nacional de Cuyo y el Gobierno de Mendoza, gener\u00f3 un espacio para explorar las nuevas demandas del mercado laboral y los desaf\u00edos de empleabilidad para las pr\u00f3ximas generaciones.<\/p>\n<p><span style=\"color: #ff0000;\"><strong>Capacitaci\u00f3n y Herramientas<\/strong><\/span><\/p>\n<p>Los participantes recibieron informaci\u00f3n sobre c\u00f3mo fortalecer sus habilidades y aprovechar oportunidades para ingresar a un mercado laboral en constante evoluci\u00f3n.<\/p>\n<p>La subsecretaria Emilce Vega Espinoza form\u00f3 parte del evento como expositora, compartiendo su visi\u00f3n sobre el futuro laboral en Mendoza.<\/p>\n","protected":false},"excerpt":{"rendered":"<p>Con gran inter\u00e9s por parte de los estudiantes del Instituto Tecnol\u00f3gico Universitario (ITU) dependiente de la Universidad Nacional de Cuyo, con &#8230;<\/p>\n","protected":false},"author":7,"featured_media":141173,"comment_status":"open","ping_status":"open","sticky":false,"template":"","format":"standard","meta":{"footnotes":""},"categories":[10,183],"tags":[],"class_list":["post-141172","post","type-post","status-publish","format-standard","has-post-thumbnail","hentry","category-destacadas","category-emprendedores"],"_links":{"self":[{"href":"https:\/\/vinasfm.com\/noticias\/wp-json\/wp\/v2\/posts\/141172","targetHints":{"allow":["GET"]}}],"collection":[{"href":"https:\/\/vinasfm.com\/noticias\/wp-json\/wp\/v2\/posts"}],"about":[{"href":"https:\/\/vinasfm.com\/noticias\/wp-json\/wp\/v2\/types\/post"}],"author":[{"embeddable":true,"href":"https:\/\/vinasfm.com\/noticias\/wp-json\/wp\/v2\/users\/7"}],"replies":[{"embeddable":true,"href":"https:\/\/vinasfm.com\/noticias\/wp-json\/wp\/v2\/comments?post=141172"}],"version-history":[{"count":1,"href":"https:\/\/vinasfm.com\/noticias\/wp-json\/wp\/v2\/posts\/141172\/revisions"}],"predecessor-version":[{"id":141174,"href":"https:\/\/vinasfm.com\/noticias\/wp-json\/wp\/v2\/posts\/141172\/revisions\/141174"}],"wp:featuredmedia":[{"embeddable":true,"href":"https:\/\/vinasfm.com\/noticias\/wp-json\/wp\/v2\/media\/141173"}],"wp:attachment":[{"href":"https:\/\/vinasfm.com\/noticias\/wp-json\/wp\/v2\/media?parent=141172"}],"wp:term":[{"taxonomy":"category","embeddable":true,"href":"https:\/\/vinasfm.com\/noticias\/wp-json\/wp\/v2\/categories?post=141172"},{"taxonomy":"post_tag","embeddable":true,"href":"https:\/\/vinasfm.com\/noticias\/wp-json\/wp\/v2\/tags?post=141172"}],"curies":[{"name":"wp","href":"https:\/\/api.w.org\/{rel}","templated":true}]}}