{"id":141169,"date":"2024-11-02T01:03:40","date_gmt":"2024-11-02T04:03:40","guid":{"rendered":"https:\/\/vinasfm.com\/noticias\/?p=141169"},"modified":"2024-11-04T10:05:19","modified_gmt":"2024-11-04T13:05:19","slug":"siguen-las-obras-en-los-balnearios-de-general-alvear","status":"publish","type":"post","link":"https:\/\/vinasfm.com\/noticias\/siguen-las-obras-en-los-balnearios-de-general-alvear\/","title":{"rendered":"SIGUEN LAS OBRAS EN LOS BALNEARIOS DE GENERAL ALVEAR"},"content":{"rendered":"<h4><strong>Durante la semana desde el municipio estuvieron realizando diferentes tareas de limpieza y mantenimiento en los diferentes balnearios del departamento.<\/strong><\/h4>\n<p>Sin dudas todos los fines de semanas los alvearenses optan por pasar un d\u00eda agradable y recreativo en diferentes puntos de la ciudad, uno de ellos es el Puente del R\u00edo Atuel, y de este modo Gustavo Garc\u00eda, Director de Turismo en dialogo con <strong><span style=\"color: #800080;\">FM VI\u00d1AS<\/span><\/strong> destaco el gran avance que estan teniendo con las obras: <em><strong>&#8216;seguimos construyendo, estamos ampliando los ba\u00f1os para brindar mejor servicio, durante la semana trabajamos en Costanera Alvear, queremos que para los primeros d\u00edas de diciembre se realice la apertura&#8217;.<\/strong><\/em><\/p>\n<p><em><strong>&#8216;Del lado norte hemos avanzado casi 600 metros, obviamente faltan muchas cosas pero del lado sur terminamos con los ba\u00f1os, siempre va a ser poco en tema de churrasqueras y bancos, pero d\u00eda a d\u00eda estamos agregando y vamos avanzando muy bien&#8217;.<\/strong><\/em><\/p>\n<p>Adem\u00e1s adelanto que se viene una nueva forestaci\u00f3n: &#8216;<em><strong>viene una forestaci\u00f3n, ya lo confirm\u00f3 el municipio a trav\u00e9s de algunos posteos, en este caso ser\u00e1 en los principales boulevares de flores y algunas plantas para adornar, es un proyecto para hacer una visualizaci\u00f3n de alvear que sea un poco m\u00e1s linda&#8217;.<\/strong><\/em><\/p>\n","protected":false},"excerpt":{"rendered":"<p>Durante la semana desde el municipio estuvieron realizando diferentes tareas de limpieza y mantenimiento en los diferentes balnearios del departamento. Sin &#8230;<\/p>\n","protected":false},"author":7,"featured_media":141170,"comment_status":"open","ping_status":"open","sticky":false,"template":"","format":"standard","meta":{"footnotes":""},"categories":[10,29],"tags":[],"class_list":["post-141169","post","type-post","status-publish","format-standard","has-post-thumbnail","hentry","category-destacadas","category-obras-y-servicios"],"_links":{"self":[{"href":"https:\/\/vinasfm.com\/noticias\/wp-json\/wp\/v2\/posts\/141169","targetHints":{"allow":["GET"]}}],"collection":[{"href":"https:\/\/vinasfm.com\/noticias\/wp-json\/wp\/v2\/posts"}],"about":[{"href":"https:\/\/vinasfm.com\/noticias\/wp-json\/wp\/v2\/types\/post"}],"author":[{"embeddable":true,"href":"https:\/\/vinasfm.com\/noticias\/wp-json\/wp\/v2\/users\/7"}],"replies":[{"embeddable":true,"href":"https:\/\/vinasfm.com\/noticias\/wp-json\/wp\/v2\/comments?post=141169"}],"version-history":[{"count":1,"href":"https:\/\/vinasfm.com\/noticias\/wp-json\/wp\/v2\/posts\/141169\/revisions"}],"predecessor-version":[{"id":141171,"href":"https:\/\/vinasfm.com\/noticias\/wp-json\/wp\/v2\/posts\/141169\/revisions\/141171"}],"wp:featuredmedia":[{"embeddable":true,"href":"https:\/\/vinasfm.com\/noticias\/wp-json\/wp\/v2\/media\/141170"}],"wp:attachment":[{"href":"https:\/\/vinasfm.com\/noticias\/wp-json\/wp\/v2\/media?parent=141169"}],"wp:term":[{"taxonomy":"category","embeddable":true,"href":"https:\/\/vinasfm.com\/noticias\/wp-json\/wp\/v2\/categories?post=141169"},{"taxonomy":"post_tag","embeddable":true,"href":"https:\/\/vinasfm.com\/noticias\/wp-json\/wp\/v2\/tags?post=141169"}],"curies":[{"name":"wp","href":"https:\/\/api.w.org\/{rel}","templated":true}]}}