{"id":141162,"date":"2024-11-01T19:13:07","date_gmt":"2024-11-01T22:13:07","guid":{"rendered":"https:\/\/vinasfm.com\/noticias\/?p=141162"},"modified":"2024-11-04T10:07:19","modified_gmt":"2024-11-04T13:07:19","slug":"flor-de-la-jarilla-alvear-celebro-el-segundo-festival-ambiental","status":"publish","type":"post","link":"https:\/\/vinasfm.com\/noticias\/flor-de-la-jarilla-alvear-celebro-el-segundo-festival-ambiental\/","title":{"rendered":"\u00abFLOR DE LA JARILLA\u00bb: ALVEAR CELEBR\u00d3 EL SEGUNDO FESTIVAL AMBIENTAL"},"content":{"rendered":"<h4>En el marco del Dia Mundial de la Ecolog\u00eda se est\u00e1 llevando adelante el segundo festival ambiental, \u201cFlor de la Jarilla\u201d, en la Plaza Carlos Mar\u00eda de Alvear.<\/h4>\n<p>Organizado por la <strong>Asesor\u00eda de Gesti\u00f3n Ambienta<\/strong>l, este festival tiene como objetivo festejar todas las acciones ambientales que se han llevado a cabo durante el a\u00f1o, en conjunto con instituciones p\u00fablicas y privadas, <strong>brindando un espacio para que cada instituci\u00f3n pueda mostrar sus trabajos y visibilizarlo en la comunidad.<\/strong><\/p>\n<p>Con una plaza colmada de participantes con aproximadamente <strong>45 proyectos y m\u00e1s de 800 ni\u00f1os la tem\u00e1tica ambiental es transversal a casi todos los niveles de actividad<\/strong> y sobre todo tambi\u00e9n hacia la educaci\u00f3n ambiental, hoy se ve el reflejo del abordaje de esas tem\u00e1ticas, <span style=\"color: #003366;\"><strong>Denis Rabanal<\/strong><\/span> expres\u00f3 al respecto: <em><strong>\u201ceste a\u00f1o nos hab\u00edamos planteado como objetivo, que fue algo que nos pidi\u00f3 el Intendente Alejandro Molero, de dar igualdad de oportunidades en materia de educaci\u00f3n ambiental, y fue por eso que llegamos a los cuatro parajes que tiene el departamento, con actividades ambientales\u201d.<\/strong><\/em><\/p>\n<p>La gran importancia que tienen estos eventos es quienes participan desde las diferentes instituciones presentes y a su vez el trabajo desde lo ambiental con empresas que se acercan al departamento, <strong>DHSH, proveniente de Santa Fe; la Comisi\u00f3n Nacional de Energ\u00eda At\u00f3mica, entre otras.<\/strong><\/p>\n<p><span style=\"color: #003366;\"><strong>Hugo Molina<\/strong><\/span>, <em>Secretario de Desarrollo<\/em>, presente en el festival ambiental se expres\u00f3 acerca del trabajo del municipio en cuanto a lo ambiental en diferentes instituciones, aparte de la territorialidad, llegando a diferentes lugares de nuestro departamento, <strong><em>\u201cesto es muy importante, esta inclusi\u00f3n y hacer una pol\u00edtica como esta\u201d.<\/em><\/strong><\/p>\n<p>Es importante destacar el compromiso que mantiene el municipio con el medio ambiente que este festival cuenta con la presencia de la Subsecretar\u00eda de Ambiente de la provincia, <em>el coordinador general<\/em> <span style=\"color: #003366;\"><strong>Ariel Lima<\/strong><\/span> dijo: <em><strong>\u201ces realmente loable lo que est\u00e1 haciendo el municipio en cuanto a la sostenibilidad\u201d.<\/strong> <\/em>Para finalizar resalt\u00f3 que el Estado provincial, municipal, tiene que pronunciarse con mensajes y pol\u00edticas claras en pos de llevar acciones ambientales perdurables.<\/p>\n","protected":false},"excerpt":{"rendered":"<p>En el marco del Dia Mundial de la Ecolog\u00eda se est\u00e1 llevando adelante el segundo festival ambiental, \u201cFlor de la Jarilla\u201d, &#8230;<\/p>\n","protected":false},"author":7,"featured_media":141163,"comment_status":"open","ping_status":"open","sticky":false,"template":"","format":"standard","meta":{"footnotes":""},"categories":[18,192],"tags":[],"class_list":["post-141162","post","type-post","status-publish","format-standard","has-post-thumbnail","hentry","category-educacion","category-gestion-ambiental"],"_links":{"self":[{"href":"https:\/\/vinasfm.com\/noticias\/wp-json\/wp\/v2\/posts\/141162","targetHints":{"allow":["GET"]}}],"collection":[{"href":"https:\/\/vinasfm.com\/noticias\/wp-json\/wp\/v2\/posts"}],"about":[{"href":"https:\/\/vinasfm.com\/noticias\/wp-json\/wp\/v2\/types\/post"}],"author":[{"embeddable":true,"href":"https:\/\/vinasfm.com\/noticias\/wp-json\/wp\/v2\/users\/7"}],"replies":[{"embeddable":true,"href":"https:\/\/vinasfm.com\/noticias\/wp-json\/wp\/v2\/comments?post=141162"}],"version-history":[{"count":1,"href":"https:\/\/vinasfm.com\/noticias\/wp-json\/wp\/v2\/posts\/141162\/revisions"}],"predecessor-version":[{"id":141164,"href":"https:\/\/vinasfm.com\/noticias\/wp-json\/wp\/v2\/posts\/141162\/revisions\/141164"}],"wp:featuredmedia":[{"embeddable":true,"href":"https:\/\/vinasfm.com\/noticias\/wp-json\/wp\/v2\/media\/141163"}],"wp:attachment":[{"href":"https:\/\/vinasfm.com\/noticias\/wp-json\/wp\/v2\/media?parent=141162"}],"wp:term":[{"taxonomy":"category","embeddable":true,"href":"https:\/\/vinasfm.com\/noticias\/wp-json\/wp\/v2\/categories?post=141162"},{"taxonomy":"post_tag","embeddable":true,"href":"https:\/\/vinasfm.com\/noticias\/wp-json\/wp\/v2\/tags?post=141162"}],"curies":[{"name":"wp","href":"https:\/\/api.w.org\/{rel}","templated":true}]}}