{"id":141135,"date":"2024-11-01T08:46:53","date_gmt":"2024-11-01T11:46:53","guid":{"rendered":"https:\/\/vinasfm.com\/noticias\/?p=141135"},"modified":"2024-11-01T08:46:53","modified_gmt":"2024-11-01T11:46:53","slug":"un-incendio-afecto-las-instalaciones-del-restaurante-el-parador","status":"publish","type":"post","link":"https:\/\/vinasfm.com\/noticias\/un-incendio-afecto-las-instalaciones-del-restaurante-el-parador\/","title":{"rendered":"UN INCENDIO AFECT\u00d3 LAS INSTALACIONES DEL RESTAURANTE \u201cEL PARADOR\u201d"},"content":{"rendered":"<h4><span style=\"color: #000000;\">El siniestro caus\u00f3 p\u00e9rdidas importantes en el local gastron\u00f3mico ubicado en Av. Alvear Este 161.<\/span><\/h4>\n<p><span style=\"color: #000000;\">Promediando las 19:00 horas ingres\u00f3 un llamado al 911 notificando el fuego, <em><strong>\u201cr\u00e1pidamente se coordin\u00f3 con Servicios P\u00fablicos el accionar de un cami\u00f3n hidrante solicitado por bomberos de la Polic\u00eda de Mendoza\u201d<\/strong><\/em>, explic\u00f3 el <em>director de Defensa Civil<\/em> <span style=\"color: #003366;\"><strong>Javier Velazco.<\/strong><\/span><\/span><\/p>\n<p><span style=\"color: #000000;\">Seg\u00fan dio a conocer el funcionario el fuego afect\u00f3 gran parte del \u00e1rea de recepci\u00f3n y la cocina del restaurante, as\u00ed mismo indic\u00f3 que <strong>\u201cel propietario del local constat\u00f3 que hab\u00eda fuego en una de las heladeras que, r\u00e1pidamente se propag\u00f3 por el techo\u201d.<\/strong> El material de la construcci\u00f3n facilit\u00f3 la propagaci\u00f3n de las llamas, complicando las tareas de personal de bomberos, municipal y defensa civil.<\/span><\/p>\n<p><strong><span style=\"color: #000000;\">Si bien no se registraron heridos, el incendio caus\u00f3 cuantiosas p\u00e9rdidas materiales.<\/span><\/strong><\/p>\n","protected":false},"excerpt":{"rendered":"<p>El siniestro caus\u00f3 p\u00e9rdidas importantes en el local gastron\u00f3mico ubicado en Av. Alvear Este 161. Promediando las 19:00 horas ingres\u00f3 un &#8230;<\/p>\n","protected":false},"author":7,"featured_media":141137,"comment_status":"open","ping_status":"open","sticky":false,"template":"","format":"standard","meta":{"footnotes":""},"categories":[1],"tags":[],"class_list":["post-141135","post","type-post","status-publish","format-standard","has-post-thumbnail","hentry","category-fmvinas"],"_links":{"self":[{"href":"https:\/\/vinasfm.com\/noticias\/wp-json\/wp\/v2\/posts\/141135","targetHints":{"allow":["GET"]}}],"collection":[{"href":"https:\/\/vinasfm.com\/noticias\/wp-json\/wp\/v2\/posts"}],"about":[{"href":"https:\/\/vinasfm.com\/noticias\/wp-json\/wp\/v2\/types\/post"}],"author":[{"embeddable":true,"href":"https:\/\/vinasfm.com\/noticias\/wp-json\/wp\/v2\/users\/7"}],"replies":[{"embeddable":true,"href":"https:\/\/vinasfm.com\/noticias\/wp-json\/wp\/v2\/comments?post=141135"}],"version-history":[{"count":1,"href":"https:\/\/vinasfm.com\/noticias\/wp-json\/wp\/v2\/posts\/141135\/revisions"}],"predecessor-version":[{"id":141136,"href":"https:\/\/vinasfm.com\/noticias\/wp-json\/wp\/v2\/posts\/141135\/revisions\/141136"}],"wp:featuredmedia":[{"embeddable":true,"href":"https:\/\/vinasfm.com\/noticias\/wp-json\/wp\/v2\/media\/141137"}],"wp:attachment":[{"href":"https:\/\/vinasfm.com\/noticias\/wp-json\/wp\/v2\/media?parent=141135"}],"wp:term":[{"taxonomy":"category","embeddable":true,"href":"https:\/\/vinasfm.com\/noticias\/wp-json\/wp\/v2\/categories?post=141135"},{"taxonomy":"post_tag","embeddable":true,"href":"https:\/\/vinasfm.com\/noticias\/wp-json\/wp\/v2\/tags?post=141135"}],"curies":[{"name":"wp","href":"https:\/\/api.w.org\/{rel}","templated":true}]}}