{"id":141125,"date":"2024-10-31T11:47:22","date_gmt":"2024-10-31T14:47:22","guid":{"rendered":"https:\/\/vinasfm.com\/noticias\/?p=141125"},"modified":"2024-10-31T11:47:22","modified_gmt":"2024-10-31T14:47:22","slug":"el-municipio-incorporo-una-mini-barredora-electrica-para-la-limpieza-de-la-ciudad","status":"publish","type":"post","link":"https:\/\/vinasfm.com\/noticias\/el-municipio-incorporo-una-mini-barredora-electrica-para-la-limpieza-de-la-ciudad\/","title":{"rendered":"EL MUNICIPIO INCORPOR\u00d3 UNA MINI BARREDORA EL\u00c9CTRICA PARA LA LIMPIEZA DE LA CIUDAD"},"content":{"rendered":"<h4><span style=\"color: #000000;\">Representa un avance significativo en los esfuerzos del municipio por mejorar la limpieza y el cuidado de las veredas y espacios p\u00fablicos.<\/span><\/h4>\n<p><span style=\"color: #000000;\">En la ma\u00f1ana de este jueves, el <span style=\"color: #003366;\"><strong>Intendente Alejandro Molero<\/strong><\/span> llev\u00f3 a cabo la presentaci\u00f3n de una nueva adquisici\u00f3n que promete transformar el mantenimiento de la ciudad: una minibarredora el\u00e9ctrica. Durante su discurso, Molero destac\u00f3 que su gobierno ha estado incorporando maquinaria nueva con el fin de optimizar las labores de mantenimiento. <em><strong>\u00abHemos ido haciendo anuncios tanto de las minicargadoras como de los utilitarios, y ahora sumamos esta minibarredora que tiene como objetivo mantener las veredas del centro y los paseos p\u00fablicos\u00bb<\/strong><\/em>, expres\u00f3 el intendente. Seg\u00fan \u00e9l, <strong>la m\u00e1quina realiza un trabajo impecable no solo en las veredas, sino tambi\u00e9n en el mobiliario urbano, incluyendo bancos y otros elementos que embellecen la ciudad.<\/strong><\/span><\/p>\n<p><span style=\"color: #000000;\">Un aspecto importante que Molero subray\u00f3 es el compromiso del municipio con el cuidado del medio ambiente. La elecci\u00f3n de una minibarredora el\u00e9ctrica no es casualidad; responde a una tendencia creciente hacia la sostenibilidad y la reducci\u00f3n de la contaminaci\u00f3n. \u00ab<strong>Estamos tratando de incorporar elementos de estas caracter\u00edsticas\u00bb<\/strong>, afirm\u00f3, enfatizando que este tipo de maquinaria ayudar\u00e1 a crear un entorno m\u00e1s limpio y saludable para todos los ciudadanos.<\/span><\/p>\n<p><span style=\"color: #000000;\">Con esta nueva incorporaci\u00f3n, <strong>el intendente busca no solo mejorar la est\u00e9tica urbana sino tambi\u00e9n promover pr\u00e1cticas m\u00e1s ecol\u00f3gicas en la gesti\u00f3n municipal.<\/strong> Sin duda, la minibarredora el\u00e9ctrica se convierte en una herramienta clave para avanzar hacia un futuro m\u00e1s sostenible.<\/span><\/p>\n","protected":false},"excerpt":{"rendered":"<p>Representa un avance significativo en los esfuerzos del municipio por mejorar la limpieza y el cuidado de las veredas y espacios &#8230;<\/p>\n","protected":false},"author":7,"featured_media":141126,"comment_status":"open","ping_status":"open","sticky":false,"template":"","format":"standard","meta":{"footnotes":""},"categories":[1],"tags":[],"class_list":["post-141125","post","type-post","status-publish","format-standard","has-post-thumbnail","hentry","category-fmvinas"],"_links":{"self":[{"href":"https:\/\/vinasfm.com\/noticias\/wp-json\/wp\/v2\/posts\/141125","targetHints":{"allow":["GET"]}}],"collection":[{"href":"https:\/\/vinasfm.com\/noticias\/wp-json\/wp\/v2\/posts"}],"about":[{"href":"https:\/\/vinasfm.com\/noticias\/wp-json\/wp\/v2\/types\/post"}],"author":[{"embeddable":true,"href":"https:\/\/vinasfm.com\/noticias\/wp-json\/wp\/v2\/users\/7"}],"replies":[{"embeddable":true,"href":"https:\/\/vinasfm.com\/noticias\/wp-json\/wp\/v2\/comments?post=141125"}],"version-history":[{"count":2,"href":"https:\/\/vinasfm.com\/noticias\/wp-json\/wp\/v2\/posts\/141125\/revisions"}],"predecessor-version":[{"id":141128,"href":"https:\/\/vinasfm.com\/noticias\/wp-json\/wp\/v2\/posts\/141125\/revisions\/141128"}],"wp:featuredmedia":[{"embeddable":true,"href":"https:\/\/vinasfm.com\/noticias\/wp-json\/wp\/v2\/media\/141126"}],"wp:attachment":[{"href":"https:\/\/vinasfm.com\/noticias\/wp-json\/wp\/v2\/media?parent=141125"}],"wp:term":[{"taxonomy":"category","embeddable":true,"href":"https:\/\/vinasfm.com\/noticias\/wp-json\/wp\/v2\/categories?post=141125"},{"taxonomy":"post_tag","embeddable":true,"href":"https:\/\/vinasfm.com\/noticias\/wp-json\/wp\/v2\/tags?post=141125"}],"curies":[{"name":"wp","href":"https:\/\/api.w.org\/{rel}","templated":true}]}}