{"id":141077,"date":"2024-10-30T11:04:56","date_gmt":"2024-10-30T14:04:56","guid":{"rendered":"https:\/\/vinasfm.com\/noticias\/?p=141077"},"modified":"2024-10-31T10:16:06","modified_gmt":"2024-10-31T13:16:06","slug":"un-hombre-sufrio-el-robo-de-su-motocicleta","status":"publish","type":"post","link":"https:\/\/vinasfm.com\/noticias\/un-hombre-sufrio-el-robo-de-su-motocicleta\/","title":{"rendered":"UN HOMBRE SUFRI\u00d3 EL ROBO DE SU MOTOCICLETA"},"content":{"rendered":"<h4><span style=\"color: #000000;\">Un ciudadano de 72 a\u00f1os, identificado como R. V., denunci\u00f3 el robo de su motocicleta marca Zanella 150 cc.<\/span><\/h4>\n<p><span style=\"color: #000000;\">Seg\u00fan relat\u00f3 la v\u00edctima, el hecho se produjo cuando dej\u00f3 el rodado <strong>estacionado con medidas de seguridad, en inmediaciones de calles Mitre y Olascoaga<\/strong> de nuestro departamento, y despu\u00e9s de unas horas c<strong>onstat\u00f3 que autores ignorados la hab\u00edan distra\u00eddo.<\/strong><\/span><\/p>\n<p><em><span style=\"color: #000000;\">Trabaj\u00f3 en el hecho personal de la Comisar\u00eda 14<\/span>.<\/em><\/p>\n","protected":false},"excerpt":{"rendered":"<p>Un ciudadano de 72 a\u00f1os, identificado como R. V., denunci\u00f3 el robo de su motocicleta marca Zanella 150 cc. Seg\u00fan relat\u00f3 &#8230;<\/p>\n","protected":false},"author":7,"featured_media":141078,"comment_status":"open","ping_status":"open","sticky":false,"template":"","format":"standard","meta":{"footnotes":""},"categories":[201,4],"tags":[],"class_list":["post-141077","post","type-post","status-publish","format-standard","has-post-thumbnail","hentry","category-inseguridad","category-policiales"],"_links":{"self":[{"href":"https:\/\/vinasfm.com\/noticias\/wp-json\/wp\/v2\/posts\/141077","targetHints":{"allow":["GET"]}}],"collection":[{"href":"https:\/\/vinasfm.com\/noticias\/wp-json\/wp\/v2\/posts"}],"about":[{"href":"https:\/\/vinasfm.com\/noticias\/wp-json\/wp\/v2\/types\/post"}],"author":[{"embeddable":true,"href":"https:\/\/vinasfm.com\/noticias\/wp-json\/wp\/v2\/users\/7"}],"replies":[{"embeddable":true,"href":"https:\/\/vinasfm.com\/noticias\/wp-json\/wp\/v2\/comments?post=141077"}],"version-history":[{"count":1,"href":"https:\/\/vinasfm.com\/noticias\/wp-json\/wp\/v2\/posts\/141077\/revisions"}],"predecessor-version":[{"id":141079,"href":"https:\/\/vinasfm.com\/noticias\/wp-json\/wp\/v2\/posts\/141077\/revisions\/141079"}],"wp:featuredmedia":[{"embeddable":true,"href":"https:\/\/vinasfm.com\/noticias\/wp-json\/wp\/v2\/media\/141078"}],"wp:attachment":[{"href":"https:\/\/vinasfm.com\/noticias\/wp-json\/wp\/v2\/media?parent=141077"}],"wp:term":[{"taxonomy":"category","embeddable":true,"href":"https:\/\/vinasfm.com\/noticias\/wp-json\/wp\/v2\/categories?post=141077"},{"taxonomy":"post_tag","embeddable":true,"href":"https:\/\/vinasfm.com\/noticias\/wp-json\/wp\/v2\/tags?post=141077"}],"curies":[{"name":"wp","href":"https:\/\/api.w.org\/{rel}","templated":true}]}}