{"id":141060,"date":"2024-10-30T08:21:15","date_gmt":"2024-10-30T11:21:15","guid":{"rendered":"https:\/\/vinasfm.com\/noticias\/?p=141060"},"modified":"2024-10-31T09:08:24","modified_gmt":"2024-10-31T12:08:24","slug":"salud-creo-la-red-provincial-de-acv-y-capacitara-a-profesionales","status":"publish","type":"post","link":"https:\/\/vinasfm.com\/noticias\/salud-creo-la-red-provincial-de-acv-y-capacitara-a-profesionales\/","title":{"rendered":"SALUD CRE\u00d3 LA RED PROVINCIAL DE ACV Y CAPACITAR\u00c1 A PROFESIONALES"},"content":{"rendered":"<h4><span style=\"color: #000000;\">Los conocimientos ser\u00e1n brindados por la farmac\u00e9utica Boehringer Ingelheim, con quien el Ministerio de Salud y Deportes firm\u00f3 un acuerdo. La idea de la red es que todos los efectores sanitarios trabajen de manera conjunta con un protocolo transversal.<\/span><\/h4>\n<p><span style=\"color: #000000;\">El <strong>Ministerio de Salud<\/strong> <strong>y Deportes<\/strong> cre\u00f3 la <strong>Red provincial de ACV<\/strong>, que tiene como objetivo que todos los pacientes que lo sufran tengan acceso a los mejores cuidados y en el menor tiempo posible. <strong>Se trata de una red interinstitucional que contempla todos los niveles de atenci\u00f3n, desde el m\u00e1s complejo, como el Hospital Central o el Lagomaggiore, hasta los centros de salud.<\/strong><\/span><\/p>\n<p><span style=\"color: #000000;\"><strong><span style=\"color: #003366;\">Federico Giner<\/span><\/strong>, de la <em>Red provincial ACV<\/em>, explic\u00f3 que <em><strong>\u201cel accidente cerebrovascular es la primera causa de discapacidad tanto en nuestro pa\u00eds como a nivel mundial; la segunda causa de mortalidad a nivel mundial y una de las principales de la mortalidad de nuestro pa\u00eds\u201d<\/strong><\/em>, y agreg\u00f3 que, por esta raz\u00f3n, <strong><em>\u201ctrabajar sobre esta patolog\u00eda es una pol\u00edtica de Estado\u201d.<\/em><\/strong><\/span><\/p>\n<p><span style=\"color: #000000;\">La Red contempla un nivel creciente de complejidad, con centros con capacidad de detecci\u00f3n de s\u00edntomas y derivaci\u00f3n oportuna, centros con capacidad de diagn\u00f3stico y tratamiento inicial teleasistidos por el equipo de Neurolog\u00eda a trav\u00e9s de telemedicina y centros con capacidad de tratamientos avanzados para la resoluci\u00f3n de casos m\u00e1s complejos. Todos estos centros pueden detectar s\u00edntomas de ACV y derivar al paciente. Algunos pueden realizar tratamientos b\u00e1sicos, y otros pueden hacerlo de un modo m\u00e1s avanzado.<\/span><\/p>\n<p><span style=\"color: #000000;\"><strong><em>\u201cEstamos trabajando complejizar los hospitales y lograr que las personas lleguen a tiempo. Por eso existen los protocolos de traslados en todas las instituciones y lo fundamental que es que las personas reconozcan un ACV y sepan qu\u00e9 hacer ante la presencia de los s\u00edntomas\u201d<\/em><\/strong>, agreg\u00f3 el referente de la Red provincial de ACV.<\/span><\/p>\n<p><span style=\"color: #000000;\">La idea de esta Red es que todos los efectores sanitarios trabajen de manera conjunta, con un protocolo que contemple la totalidad de los eslabones de para los abordajes.<em><strong> \u201cLa Red que se est\u00e1 conformando es integral, ya que complementa la telemedicina con la atenci\u00f3n personalizada. Buscamos que el tiempo que transcurre desde que el paciente toma contacto con el centro de salud hasta que recibe tratamiento sea lo m\u00e1s corto posible\u201d<\/strong><\/em>, dijo Giner.<\/span><\/p>\n<p><span style=\"color: #000000;\">Es importante se\u00f1alar que se est\u00e1n desarrollando protocolos transversales a todas las instituciones, adem\u00e1s de los que ya tiene cada instituci\u00f3n. Esa es una de las novedades relevantes que aportar\u00e1 mayores especificidades.<\/span><\/p>\n<p><span style=\"color: #000000;\">La Red estar\u00e1 dividida en subredes <em>(Metropolitana, Este, Valle de Uco, San Rafael, General Alvear y Malarg\u00fce)<\/em> y <strong>ya se ha comenzado el trabajo de coordinaci\u00f3n y articulaci\u00f3n, de forma gradual, hasta que todos los centros se vayan incorporando.<\/strong> Se est\u00e1n realizando avances en todas las redes, pero hasta el momento ha sido inaugurada la Metropolitana.<\/span><\/p>\n<p><span style=\"color: #000000;\">El ministro Rodolfo Montero sostuvo: <strong><em>\u201cEstamos tratando de sistematizar y para eso unimos a un equipo bien consolidado y con capacidad de gesti\u00f3n. Recibimos ayudas externas y utilizamos las ventajas que la tecnolog\u00eda nos brinda. Estamos convencidos de que la protocolizaci\u00f3n y estandarizaci\u00f3n generar\u00e1 impacto en la calidad, eficiencia y equidad de las prestaciones. Y en esta patolog\u00eda es vital\u201d.<\/em><\/strong><\/span><\/p>\n<p><img loading=\"lazy\" decoding=\"async\" class=\"\" src=\"https:\/\/www.mendoza.gov.ar\/wp-content\/uploads\/sites\/5\/2024\/10\/aDSC_1214-700x467.jpg\" width=\"430\" height=\"287\" \/> <img loading=\"lazy\" decoding=\"async\" class=\"\" src=\"https:\/\/www.mendoza.gov.ar\/wp-content\/uploads\/sites\/5\/2024\/10\/aDSC_1226-700x467.jpg\" width=\"430\" height=\"287\" \/><\/p>\n<h2><span style=\"color: #000000;\"><strong>Convenio con una farmac\u00e9utica para optimizar la atenci\u00f3n del ACV<\/strong><\/span><\/h2>\n<p><span style=\"color: #000000;\">La Provincia firm\u00f3 un convenio de cooperaci\u00f3n con Boehringer Ingelheim para coordinar y ejecutar acciones que fortalezcan los centros de referencia para la atenci\u00f3n y el tratamiento de ACV. <strong>Durante los dos a\u00f1os de vigencia del convenio, se capacitar\u00e1 a equipos profesionales de salud vinculados a estos abordajes.<\/strong><\/span><\/p>\n<p><span style=\"color: #000000;\">Es el marco de la <strong>Iniciativa Angels<\/strong>, no promocional del laboratorio, que se desarrolla a nivel global y que opera Mendoza desde 2018.<\/span><\/p>\n<p><span style=\"color: #000000;\">La<strong> Iniciativa Angels es una intervenci\u00f3n de atenci\u00f3n sanitaria dedicada a mejorar las posibilidades de supervivencia de los pacientes que han sufrido un ictus y ayudarles a que vivan sin discapacidad.<\/strong><\/span><\/p>\n<p><span style=\"color: #000000;\"><em><strong>\u201cCelebro que hoy, en el D\u00eda Mundial del ACV, desde el Ministerio de Salud y Deportes se est\u00e9 lanzando y organizando esta Red de ACV. Esta decisi\u00f3n es una pol\u00edtica de Estado. Pocas provincias lo han realizado, sin contar que Mendoza trabaja con TeleACV y nosotros la mostramos como ejemplo\u201d<\/strong><\/em>, declar\u00f3 <strong><span style=\"color: #003366;\">Ezequiel Pasman<\/span><\/strong>,<em> referente de Iniciativa Angels.<\/em><\/span><\/p>\n<p><span style=\"color: #000000;\">La Iniciativa Angels reconoce a nivel global a hospitales y servicios de emergencia que mejoran su atenci\u00f3n de la ACV, a trav\u00e9s de determinados par\u00e1metros. En estos d\u00edas se anunci\u00f3 que el Servicio de Emergencias de Mendoza recibi\u00f3 el premio Platinum; el Hospital Lagomaggiore recibi\u00f3 el premio Diamond, y el Hospital Central, el premio Gold.<\/span><\/p>\n<p><span style=\"color: #000000;\">El reconocimiento se otorga a tres categor\u00edas distintas, tanto a hospitales como a servicios de emergencia, entendiendo que todos son claves para mejorar la atenci\u00f3n del ACV.<\/span><\/p>\n","protected":false},"excerpt":{"rendered":"<p>Los conocimientos ser\u00e1n brindados por la farmac\u00e9utica Boehringer Ingelheim, con quien el Ministerio de Salud y Deportes firm\u00f3 un acuerdo. La &#8230;<\/p>\n","protected":false},"author":7,"featured_media":141061,"comment_status":"open","ping_status":"open","sticky":false,"template":"","format":"standard","meta":{"footnotes":""},"categories":[10,15],"tags":[],"class_list":["post-141060","post","type-post","status-publish","format-standard","has-post-thumbnail","hentry","category-destacadas","category-salud"],"_links":{"self":[{"href":"https:\/\/vinasfm.com\/noticias\/wp-json\/wp\/v2\/posts\/141060","targetHints":{"allow":["GET"]}}],"collection":[{"href":"https:\/\/vinasfm.com\/noticias\/wp-json\/wp\/v2\/posts"}],"about":[{"href":"https:\/\/vinasfm.com\/noticias\/wp-json\/wp\/v2\/types\/post"}],"author":[{"embeddable":true,"href":"https:\/\/vinasfm.com\/noticias\/wp-json\/wp\/v2\/users\/7"}],"replies":[{"embeddable":true,"href":"https:\/\/vinasfm.com\/noticias\/wp-json\/wp\/v2\/comments?post=141060"}],"version-history":[{"count":1,"href":"https:\/\/vinasfm.com\/noticias\/wp-json\/wp\/v2\/posts\/141060\/revisions"}],"predecessor-version":[{"id":141062,"href":"https:\/\/vinasfm.com\/noticias\/wp-json\/wp\/v2\/posts\/141060\/revisions\/141062"}],"wp:featuredmedia":[{"embeddable":true,"href":"https:\/\/vinasfm.com\/noticias\/wp-json\/wp\/v2\/media\/141061"}],"wp:attachment":[{"href":"https:\/\/vinasfm.com\/noticias\/wp-json\/wp\/v2\/media?parent=141060"}],"wp:term":[{"taxonomy":"category","embeddable":true,"href":"https:\/\/vinasfm.com\/noticias\/wp-json\/wp\/v2\/categories?post=141060"},{"taxonomy":"post_tag","embeddable":true,"href":"https:\/\/vinasfm.com\/noticias\/wp-json\/wp\/v2\/tags?post=141060"}],"curies":[{"name":"wp","href":"https:\/\/api.w.org\/{rel}","templated":true}]}}