{"id":141057,"date":"2024-10-29T20:42:16","date_gmt":"2024-10-29T23:42:16","guid":{"rendered":"https:\/\/vinasfm.com\/noticias\/?p=141057"},"modified":"2024-10-29T20:42:16","modified_gmt":"2024-10-29T23:42:16","slug":"este-miercoles-capacitaran-a-productores-para-combatir-el-burrito-de-la-vid","status":"publish","type":"post","link":"https:\/\/vinasfm.com\/noticias\/este-miercoles-capacitaran-a-productores-para-combatir-el-burrito-de-la-vid\/","title":{"rendered":"ESTE MI\u00c9RCOLES CAPACITAR\u00c1N A PRODUCTORES PARA COMBATIR EL BURRITO DE LA VID"},"content":{"rendered":"<h4>Ser\u00e1 una capacitaci\u00f3n te\u00f3rica-pr\u00e1ctica y tendr\u00e1 lugar en una finca ubicada en inmediaciones de calles \u00d1 y 5, desde las 09:00 horas.<\/h4>\n<p>En la ma\u00f1ana de este martes, el <span style=\"color: #003366;\"><strong>Ing. Hugo Molina<\/strong> <\/span>invit\u00f3 a productores del departamento a ser parte de una charla en donde se capacitar\u00e1 sobre una plaga que ataca a frutales y verduras:<strong> el Burrito de la Vid<\/strong>. La misma tendr\u00e1 la participaci\u00f3n de personal del <strong>ISCAMEN<\/strong>, quienes brindar\u00e1n detalles y herramientas necesarias para combatir la mencionada plaga. <em><strong>\u00abEs muy importante difundir la informaci\u00f3n sobre esta problem\u00e1tica porque se trata de una plaga que ataca y destruye los cultivos\u00bb<\/strong><\/em>, invit\u00f3 el <em>Secretario de Desarrollo y Promoci\u00f3n Departamental.\u00a0<\/em><\/p>\n<p><span style=\"color: #003366;\"><strong>Patricia Giardina<\/strong><\/span>, del <strong>Instituto de Sanidad y Calidad Agropecuaria Mendoza<\/strong> <em>(ISCAMEN)<\/em>, explic\u00f3 que <em><strong>\u00abel Burrito de la Vid (Naupactus xanthographus) es un cole\u00f3ptero el cual los adultos se alimentan de las hojas, pero las larvas de las ra\u00edces logrando que las ra\u00edces no puedan absorber los nutrientes afectando directamente la producci\u00f3n\u00bb.<\/strong> <\/em>Est\u00e1 plaga afecta a todo tipo de cultivo, principalmente a la Vid.<\/p>\n<p>Al ser una plaga muy dif\u00edcil de combatir, sobre todo qu\u00edmicamente, se utilizan estrategias biol\u00f3gicas. <strong><em>\u00abEsto lo hacemos a partir de crisopas, que son insectos beneficios criados en el ISCAMEN en el \u00e1rea de Agrecologia\u00bb,<\/em><\/strong> se\u00f1al\u00f3 la T\u00e9cnica y ampli\u00f3<em><strong> \u00abeste insecto se alimenta de la larva del Burrito de la Vid y de otras plagas perjudiciales\u00bb.\u00a0<\/strong><\/em><\/p>\n<p>Es importante destacar que estas son t\u00e9cnicas amigables con el Medioambiente que no generan desequilibrio, perdura en el tiempo y disminuye el uso de productos qu\u00edmicos.<\/p>\n<p>Sobre la capacitaci\u00f3n, Giardina manifest\u00f3 que <strong><em>\u00abse brindar\u00e1 informaci\u00f3n sobre la plaga y c\u00f3mo detectarla, pero se indicar\u00e1 c\u00f3mo se manejan las plagas y controladores biol\u00f3gicos\u00bb.<\/em><\/strong><\/p>\n","protected":false},"excerpt":{"rendered":"<p>Ser\u00e1 una capacitaci\u00f3n te\u00f3rica-pr\u00e1ctica y tendr\u00e1 lugar en una finca ubicada en inmediaciones de calles \u00d1 y 5, desde las 09:00 &#8230;<\/p>\n","protected":false},"author":7,"featured_media":141058,"comment_status":"open","ping_status":"open","sticky":false,"template":"","format":"standard","meta":{"footnotes":""},"categories":[1],"tags":[],"class_list":["post-141057","post","type-post","status-publish","format-standard","has-post-thumbnail","hentry","category-fmvinas"],"_links":{"self":[{"href":"https:\/\/vinasfm.com\/noticias\/wp-json\/wp\/v2\/posts\/141057","targetHints":{"allow":["GET"]}}],"collection":[{"href":"https:\/\/vinasfm.com\/noticias\/wp-json\/wp\/v2\/posts"}],"about":[{"href":"https:\/\/vinasfm.com\/noticias\/wp-json\/wp\/v2\/types\/post"}],"author":[{"embeddable":true,"href":"https:\/\/vinasfm.com\/noticias\/wp-json\/wp\/v2\/users\/7"}],"replies":[{"embeddable":true,"href":"https:\/\/vinasfm.com\/noticias\/wp-json\/wp\/v2\/comments?post=141057"}],"version-history":[{"count":1,"href":"https:\/\/vinasfm.com\/noticias\/wp-json\/wp\/v2\/posts\/141057\/revisions"}],"predecessor-version":[{"id":141059,"href":"https:\/\/vinasfm.com\/noticias\/wp-json\/wp\/v2\/posts\/141057\/revisions\/141059"}],"wp:featuredmedia":[{"embeddable":true,"href":"https:\/\/vinasfm.com\/noticias\/wp-json\/wp\/v2\/media\/141058"}],"wp:attachment":[{"href":"https:\/\/vinasfm.com\/noticias\/wp-json\/wp\/v2\/media?parent=141057"}],"wp:term":[{"taxonomy":"category","embeddable":true,"href":"https:\/\/vinasfm.com\/noticias\/wp-json\/wp\/v2\/categories?post=141057"},{"taxonomy":"post_tag","embeddable":true,"href":"https:\/\/vinasfm.com\/noticias\/wp-json\/wp\/v2\/tags?post=141057"}],"curies":[{"name":"wp","href":"https:\/\/api.w.org\/{rel}","templated":true}]}}