{"id":141050,"date":"2024-10-29T12:15:08","date_gmt":"2024-10-29T15:15:08","guid":{"rendered":"https:\/\/vinasfm.com\/noticias\/?p=141050"},"modified":"2024-10-30T10:27:42","modified_gmt":"2024-10-30T13:27:42","slug":"cultura-lanzo-la-convocatoria-para-el-guion-de-vendimia-2025","status":"publish","type":"post","link":"https:\/\/vinasfm.com\/noticias\/cultura-lanzo-la-convocatoria-para-el-guion-de-vendimia-2025\/","title":{"rendered":"CULTURA LANZ\u00d3 LA CONVOCATORIA PARA EL GUI\u00d3N DE VENDIMIA 2025"},"content":{"rendered":"<h4><span style=\"color: #000000;\">Los interesados tendr\u00e1n tiempo de trabajar en sus propuestas hasta el d\u00eda 20 de noviembre, fecha en la que los guiones deber\u00e1n presentarse con su correspondiente s\u00edntesis argumental, realizaci\u00f3n de la escenograf\u00eda, direcci\u00f3n art\u00edstica de la puesta en escena y equipo art\u00edstico.<\/span><\/h4>\n<p><span style=\"color: #000000;\">La <em>directora de Cultura<\/em>, <span style=\"color: #003366;\"><strong>Mar\u00eda Delia Achetoni<\/strong><\/span>, brind\u00f3 detalles de c\u00f3mo ser\u00e1 \u00e9sta convocatoria, dado que se va acercando la fecha de Vendimia, este a\u00f1o con un sistema democr\u00e1tico que constar\u00e1 de un concurso para determinar cu\u00e1l ser\u00e1 el guion utilizado. Habr\u00e1 un jurado que decidir\u00e1 la propuesta m\u00e1s id\u00f3nea, <em><strong>\u201cesta forma es mucho m\u00e1s accesible, que todos puedan participar y que tengan la posibilidad todos los artistas del departamento de poder hacer Vendimia\u201d<\/strong><\/em>, expres\u00f3 y agreg\u00f3: <em><strong>\u201cel d\u00eda de la presentaci\u00f3n es el 20 de noviembre, as\u00ed que tienen un mes para poder trabajar cada equipo en el gui\u00f3n, la escenograf\u00eda, maqueta tanto digital como f\u00edsica y lo que ser\u00eda la propuesta del equipo. <\/strong><\/em><\/span><em><strong><span style=\"color: #000000;\">Habr\u00e1 casting para actores, m\u00fasicos y bailarines, despu\u00e9s de que ya est\u00e9 decidida la historia que se va a presentar.\u201d<\/span><\/strong><\/em><\/p>\n<p><span style=\"color: #000000;\">Las bases y condiciones para la presentaci\u00f3n de dicha propuesta, van a estar disponibles tanto en<a href=\"https:\/\/we.tl\/t-HZWZh7iiwn\"> https:\/\/we.tl\/t-HZWZh7iiwn<\/a> , y en redes sociales, como en Casa Salonia, y para aquellos que tengan dudas de c\u00f3mo conformar y c\u00f3mo trabajar ese equipo, pueden consultar all\u00ed mismo.<\/span><\/p>\n<p><span style=\"color: #000000;\">Adem\u00e1s, desde Cultura, se record\u00f3 que <strong>desde el 1 de noviembre y hasta el 18 del mismo mes se abrir\u00e1 la convocatoria de artes visuales que tiene que ver con la apertura de vendimia, a trav\u00e9s del siguiente formulario<\/strong> <a href=\"https:\/\/forms.gle\/JVUVhjJmG8xYK3oK7\">https:\/\/forms.gle\/JVUVhjJmG8xYK3oK7<\/a> . Se trata de 16 obras de arte donde todos los artistas se pueden presentar y donde tambi\u00e9n habr\u00e1 premios y tendr\u00e1 un jurado que va a decidir cu\u00e1les son las obras de arte que est\u00e1n m\u00e1s cerca de las ideas sobre la representaci\u00f3n de vendimiadores.<\/span><\/p>\n<p><span style=\"color: #000000;\"><strong>Vendimia ya tiene fecha, ser\u00e1 el primero de febrero<\/strong>, aunque sin lugar definido. Achetoni, adelant\u00f3 que <strong>ser\u00e1 una fiesta donde se va a trabajar en los distintos distritos, parajes y los barrios que van a poder presentar sus candidatas y mostrar una fiesta en cada lugar de la misma.<\/strong><\/span><\/p>\n<p><span style=\"color: #000000;\">Para m\u00e1s informaci\u00f3n sobre estas actividades culturales se pueden dirigir personalmente a <strong>Casa Salonia<\/strong>,<em> Diagonal Carlos Pellegrini 314<\/em>, o consultar al <strong>WhatsApp<\/strong> <span style=\"color: #008080;\"><strong>2625-510681<\/strong><\/span> y al mail: <a href=\"cultura@alvearmendoza.gob.ar\">cultura<\/a><\/span>@alvearmendoza.gob.ar<\/p>\n","protected":false},"excerpt":{"rendered":"<p>Los interesados tendr\u00e1n tiempo de trabajar en sus propuestas hasta el d\u00eda 20 de noviembre, fecha en la que los guiones &#8230;<\/p>\n","protected":false},"author":7,"featured_media":141052,"comment_status":"open","ping_status":"open","sticky":false,"template":"","format":"standard","meta":{"footnotes":""},"categories":[19],"tags":[],"class_list":["post-141050","post","type-post","status-publish","format-standard","has-post-thumbnail","hentry","category-cultura"],"_links":{"self":[{"href":"https:\/\/vinasfm.com\/noticias\/wp-json\/wp\/v2\/posts\/141050","targetHints":{"allow":["GET"]}}],"collection":[{"href":"https:\/\/vinasfm.com\/noticias\/wp-json\/wp\/v2\/posts"}],"about":[{"href":"https:\/\/vinasfm.com\/noticias\/wp-json\/wp\/v2\/types\/post"}],"author":[{"embeddable":true,"href":"https:\/\/vinasfm.com\/noticias\/wp-json\/wp\/v2\/users\/7"}],"replies":[{"embeddable":true,"href":"https:\/\/vinasfm.com\/noticias\/wp-json\/wp\/v2\/comments?post=141050"}],"version-history":[{"count":1,"href":"https:\/\/vinasfm.com\/noticias\/wp-json\/wp\/v2\/posts\/141050\/revisions"}],"predecessor-version":[{"id":141053,"href":"https:\/\/vinasfm.com\/noticias\/wp-json\/wp\/v2\/posts\/141050\/revisions\/141053"}],"wp:featuredmedia":[{"embeddable":true,"href":"https:\/\/vinasfm.com\/noticias\/wp-json\/wp\/v2\/media\/141052"}],"wp:attachment":[{"href":"https:\/\/vinasfm.com\/noticias\/wp-json\/wp\/v2\/media?parent=141050"}],"wp:term":[{"taxonomy":"category","embeddable":true,"href":"https:\/\/vinasfm.com\/noticias\/wp-json\/wp\/v2\/categories?post=141050"},{"taxonomy":"post_tag","embeddable":true,"href":"https:\/\/vinasfm.com\/noticias\/wp-json\/wp\/v2\/tags?post=141050"}],"curies":[{"name":"wp","href":"https:\/\/api.w.org\/{rel}","templated":true}]}}