{"id":141025,"date":"2024-10-29T09:47:46","date_gmt":"2024-10-29T12:47:46","guid":{"rendered":"https:\/\/vinasfm.com\/noticias\/?p=141025"},"modified":"2024-10-30T08:33:58","modified_gmt":"2024-10-30T11:33:58","slug":"dos-empresas-se-presentaron-formalmente-para-la-operacion-de-la-lucha-antigranizo","status":"publish","type":"post","link":"https:\/\/vinasfm.com\/noticias\/dos-empresas-se-presentaron-formalmente-para-la-operacion-de-la-lucha-antigranizo\/","title":{"rendered":"DOS EMPRESAS SE PRESENTARON FORMALMENTE PARA LA OPERACI\u00d3N DE LA LUCHA ANTIGRANIZO"},"content":{"rendered":"<h4><span style=\"color: #000000;\">El pasado viernes, en las instalaciones de Mendoza Fiduciaria, se realiz\u00f3 la apertura de sobres para la operaci\u00f3n del Sistema de Lucha Antigranizo en el Oasis Sur.<\/span><\/h4>\n<p><span style=\"color: #000000;\">Luego de que el <strong>Gobierno de Mendoza<\/strong> diera a conocer que terminar\u00eda con la <strong>Lucha Antigranizo<\/strong> en la provincia, el <span style=\"color: #003366;\"><strong>Sr. Intendente Alejandro Molero<\/strong><\/span> <em>(General Alvea<\/em>r) propuso <strong>mantenerla activa en los departamentos que conforman el Sur mendocino.<\/strong> Tras meses de intensa gesti\u00f3n, el 25 de octubre se realiz\u00f3 la apertura de sobre en la capital mendocina.<\/span><\/p>\n<p><span style=\"color: #000000;\">En dialogo con <span style=\"color: #800080;\"><strong>FM VI\u00d1AS<\/strong><\/span>, en <em>director de Agricultura de la Comuna<\/em>, <span style=\"color: #003366;\"><strong>Agust\u00edn Anzorena<\/strong><\/span>, explic\u00f3 que <em><strong>\u201cde las 5 empresas que se mostraron interesadas en la operaci\u00f3n, formalmente se presentaron 2 y ambas cumplieron con las bases establecidas, una de ellas present\u00f3 una oferta alternativa\u201d.\u00a0<\/strong><\/em> Por el momento, el comit\u00e9 ejecutivo est\u00e1 enfocado en analizar la parte t\u00e9cnica de las propuestas y luego se estudiar\u00e1 la parte econ\u00f3mica para verificar la\u00a0 oferta m\u00e1s conveniente.<\/span><\/p>\n<p><span style=\"color: #000000;\">Consultado por la actividad previa de ambas empresas en este trabajo, Anzorena se\u00f1al\u00f3 que <strong><em>\u201cuna de ella, Weather Modification, tiene antecedentes de mitigaci\u00f3n en la Lucha Antigranizo. \u00a0La otra, American Jet, no tiene antecedentes a simple vista\u201d.<\/em><\/strong><\/span><\/p>\n<p><em><span style=\"color: #000000;\">Con la inestabilidad clim\u00e1tica, resulta urgente\u00a0 el inicio de la Lucha Antigranizo por lo que el comit\u00e9 tiene tiempo hasta este mi\u00e9rcoles, 30 de octubre, para analizar las ofertas. Cumplido ese tiempo, el propio comit\u00e9 llegar\u00e1 a un veredicto y dar\u00e1 los plazos necesarios para que la empresa seleccionada comience a trabajar.<\/span><\/em><\/p>\n<p><span style=\"color: #000000;\">Sin el surgimiento de alguna amenaza clim\u00e1tica en los pr\u00f3ximos d\u00edas, el director de Agricultura de General Alvear estim\u00f3 que <em><strong>\u201chist\u00f3ricamente las operaciones de la Lucha Antigranizo iniciaban a mediados de octubre. Al ser un a\u00f1o at\u00edpico, esperamos que los trabajos inicien lo m\u00e1s pronto posible\u201d.<\/strong><\/em> Por \u00faltimo, Agust\u00edn Anzorena se refiri\u00f3 a los pron\u00f3sticos de haladas el riesgo de las producciones; <em><strong>\u201ccreemos que ya no tenemos peligros de heladas, pero\u00a0 en a\u00f1os anteriores se han registrado heladas hasta los primeros d\u00edas de diciembre. Debido a las condiciones clim\u00e1ticas actuales esperamos no tener ning\u00fan flagelo\u201d.<\/strong><\/em><\/span><\/p>\n","protected":false},"excerpt":{"rendered":"<p>El pasado viernes, en las instalaciones de Mendoza Fiduciaria, se realiz\u00f3 la apertura de sobres para la operaci\u00f3n del Sistema de &#8230;<\/p>\n","protected":false},"author":7,"featured_media":141027,"comment_status":"open","ping_status":"open","sticky":false,"template":"","format":"standard","meta":{"footnotes":""},"categories":[10,197],"tags":[],"class_list":["post-141025","post","type-post","status-publish","format-standard","has-post-thumbnail","hentry","category-destacadas","category-lucha-antigranizo"],"_links":{"self":[{"href":"https:\/\/vinasfm.com\/noticias\/wp-json\/wp\/v2\/posts\/141025","targetHints":{"allow":["GET"]}}],"collection":[{"href":"https:\/\/vinasfm.com\/noticias\/wp-json\/wp\/v2\/posts"}],"about":[{"href":"https:\/\/vinasfm.com\/noticias\/wp-json\/wp\/v2\/types\/post"}],"author":[{"embeddable":true,"href":"https:\/\/vinasfm.com\/noticias\/wp-json\/wp\/v2\/users\/7"}],"replies":[{"embeddable":true,"href":"https:\/\/vinasfm.com\/noticias\/wp-json\/wp\/v2\/comments?post=141025"}],"version-history":[{"count":1,"href":"https:\/\/vinasfm.com\/noticias\/wp-json\/wp\/v2\/posts\/141025\/revisions"}],"predecessor-version":[{"id":141028,"href":"https:\/\/vinasfm.com\/noticias\/wp-json\/wp\/v2\/posts\/141025\/revisions\/141028"}],"wp:featuredmedia":[{"embeddable":true,"href":"https:\/\/vinasfm.com\/noticias\/wp-json\/wp\/v2\/media\/141027"}],"wp:attachment":[{"href":"https:\/\/vinasfm.com\/noticias\/wp-json\/wp\/v2\/media?parent=141025"}],"wp:term":[{"taxonomy":"category","embeddable":true,"href":"https:\/\/vinasfm.com\/noticias\/wp-json\/wp\/v2\/categories?post=141025"},{"taxonomy":"post_tag","embeddable":true,"href":"https:\/\/vinasfm.com\/noticias\/wp-json\/wp\/v2\/tags?post=141025"}],"curies":[{"name":"wp","href":"https:\/\/api.w.org\/{rel}","templated":true}]}}