{"id":140938,"date":"2024-10-26T10:22:55","date_gmt":"2024-10-26T13:22:55","guid":{"rendered":"https:\/\/vinasfm.com\/noticias\/?p=140938"},"modified":"2024-10-28T09:32:49","modified_gmt":"2024-10-28T12:32:49","slug":"mendoza-impulsa-la-produccion-de-alfalfa-y-busca-diversificar-cultivos","status":"publish","type":"post","link":"https:\/\/vinasfm.com\/noticias\/mendoza-impulsa-la-produccion-de-alfalfa-y-busca-diversificar-cultivos\/","title":{"rendered":"MENDOZA IMPULSA LA PRODUCCI\u00d3N DE ALFALFA Y BUSCA DIVERSIFICAR CULTIVOS"},"content":{"rendered":"<h4><span style=\"color: #000000;\">Para fortalecer la cadena de valor en la provincia, el Gobierno de Mendoza avanza en la creaci\u00f3n de un cl\u00faster de alfalfa, que busca impulsar tanto la producci\u00f3n como la exportaci\u00f3n de este cultivo estrat\u00e9gico.<\/span><\/h4>\n<p><span style=\"color: #000000;\">El director de Agricultura de Mendoza, Alfredo Draque, y su par de Fiscalizaci\u00f3n, Control y Tecnolog\u00eda Agroindustrial, Leandro Rold\u00e1n, se reunieron en C\u00f3rdoba con Marcos Blanda, secretario de Agricultura de esa provincia; Fabi\u00e1n Russo, presidente del Cl\u00faster de Alfalfa de C\u00f3rdoba, y Gabriel Osatinsky, representante de la C\u00e1mara de Comercio de los Emiratos \u00c1rabes. En este encuentro se trazaron los lineamientos iniciales para la creaci\u00f3n del cl\u00faster de alfalfa en Mendoza.<\/span><\/p>\n<p><span style=\"color: #000000;\">\u201cLa creaci\u00f3n de este cl\u00faster nos permitir\u00e1 aprovechar al m\u00e1ximo nuestras ventajas clim\u00e1ticas y tecnol\u00f3gicas, generando un impacto positivo en los productores y contribuyendo al crecimiento de la econom\u00eda provincial\u201d, destac\u00f3 Alfredo Draque.<\/span><\/p>\n<p><span style=\"color: #000000;\">Por su parte, Marcos Blanda, secretario de Agricultura de C\u00f3rdoba, subray\u00f3 la importancia de la colaboraci\u00f3n entre ambas provincias: \u201cEl objetivo es fortalecer la vinculaci\u00f3n sectorial, con una visi\u00f3n a mediano y largo plazo que potencie la producci\u00f3n y exportaci\u00f3n conjunta\u201d.<\/span><\/p>\n<p><span style=\"color: #000000;\">El cl\u00faster permitir\u00e1 a los productores diversificar la matriz productiva de Mendoza, abriendo nuevas oportunidades tanto en el mercado local como internacional. La iniciativa abarcar\u00e1 toda la cadena de valor, desde la producci\u00f3n hasta la exportaci\u00f3n, impulsando el desarrollo econ\u00f3mico de la provincia y beneficiando a todos los actores involucrados.<\/span><\/p>\n<p><span style=\"color: #000000;\">La visita de los funcionarios mendocinos a C\u00f3rdoba tambi\u00e9n incluy\u00f3 un recorrido por una planta compactadora de alfalfa en la localidad de Jes\u00fas Mar\u00eda, donde se conocieron las mejores pr\u00e1cticas para aplicar en nuestra provincia.<\/span><\/p>\n","protected":false},"excerpt":{"rendered":"<p>Para fortalecer la cadena de valor en la provincia, el Gobierno de Mendoza avanza en la creaci\u00f3n de un cl\u00faster de &#8230;<\/p>\n","protected":false},"author":7,"featured_media":140939,"comment_status":"open","ping_status":"open","sticky":false,"template":"","format":"standard","meta":{"footnotes":""},"categories":[5,14],"tags":[],"class_list":["post-140938","post","type-post","status-publish","format-standard","has-post-thumbnail","hentry","category-actualidad","category-agro"],"_links":{"self":[{"href":"https:\/\/vinasfm.com\/noticias\/wp-json\/wp\/v2\/posts\/140938","targetHints":{"allow":["GET"]}}],"collection":[{"href":"https:\/\/vinasfm.com\/noticias\/wp-json\/wp\/v2\/posts"}],"about":[{"href":"https:\/\/vinasfm.com\/noticias\/wp-json\/wp\/v2\/types\/post"}],"author":[{"embeddable":true,"href":"https:\/\/vinasfm.com\/noticias\/wp-json\/wp\/v2\/users\/7"}],"replies":[{"embeddable":true,"href":"https:\/\/vinasfm.com\/noticias\/wp-json\/wp\/v2\/comments?post=140938"}],"version-history":[{"count":1,"href":"https:\/\/vinasfm.com\/noticias\/wp-json\/wp\/v2\/posts\/140938\/revisions"}],"predecessor-version":[{"id":140940,"href":"https:\/\/vinasfm.com\/noticias\/wp-json\/wp\/v2\/posts\/140938\/revisions\/140940"}],"wp:featuredmedia":[{"embeddable":true,"href":"https:\/\/vinasfm.com\/noticias\/wp-json\/wp\/v2\/media\/140939"}],"wp:attachment":[{"href":"https:\/\/vinasfm.com\/noticias\/wp-json\/wp\/v2\/media?parent=140938"}],"wp:term":[{"taxonomy":"category","embeddable":true,"href":"https:\/\/vinasfm.com\/noticias\/wp-json\/wp\/v2\/categories?post=140938"},{"taxonomy":"post_tag","embeddable":true,"href":"https:\/\/vinasfm.com\/noticias\/wp-json\/wp\/v2\/tags?post=140938"}],"curies":[{"name":"wp","href":"https:\/\/api.w.org\/{rel}","templated":true}]}}