{"id":140931,"date":"2024-10-25T12:01:00","date_gmt":"2024-10-25T15:01:00","guid":{"rendered":"https:\/\/vinasfm.com\/noticias\/?p=140931"},"modified":"2024-10-28T10:32:05","modified_gmt":"2024-10-28T13:32:05","slug":"el-gobierno-provincial-llamo-a-licitacion-para-repavimentar-dos-rutas-claves-de-san-rafael","status":"publish","type":"post","link":"https:\/\/vinasfm.com\/noticias\/el-gobierno-provincial-llamo-a-licitacion-para-repavimentar-dos-rutas-claves-de-san-rafael\/","title":{"rendered":"EL GOBIERNO PROVINCIAL LLAM\u00d3 A LICITACI\u00d3N PARA REPAVIMENTAR DOS RUTAS CLAVES DE SAN RAFAEL"},"content":{"rendered":"<h4>Lo anunci\u00f3 el gobernador Alfredo Cornejo. Se trata de la RP 160 y la 177, cuya financiaci\u00f3n va por fuera del fondo de resarcimiento de los 1.000 millones de d\u00f3lares.<\/h4>\n<p>El Gobierno provincial, a trav\u00e9s de Vialidad Mendoza, llam\u00f3 hoy a licitaci\u00f3n p\u00fablica para la reconstrucci\u00f3n de dos rutas productivas de vital importancia en el departamento de San Rafael que se financiar\u00e1n con el presupuesto provincial por fuera del fondo de resarcimiento de los 1.000 millones de d\u00f3lares.<\/p>\n<p>Como lo anunci\u00f3 este mediod\u00eda en la ciudad de San Rafael el gobernador Alfredo Cornejo, la Direcci\u00f3n Provincial de Vialidad concret\u00f3 la convocatoria para repavimentar 25 kil\u00f3metros de la Ruta Provincial 160, desde La Llave, pasando por Goudge y hasta su empalme con la RP 165; y la Ruta Provincial 177 o carril Los Claveles, en una extensi\u00f3n de 12,6 km, desde su Salto Las Rosas hasta el empalme hacia el norte con la Ruta Nacional 143.<\/p>\n<p>La RP 160 demandar\u00e1 una inversi\u00f3n de\u00a0<strong>$4.234.949.000<\/strong>\u00a0(cuatro mil doscientos treinta y cuatro millones novecientos cuarenta y nueve mil pesos), mientras que la RP 177 tiene un presupuesto previsto de<strong>\u00a0$ 2.592.306.781,63<\/strong>\u00a0(dos mil quinientos noventa y dos millones trescientos seis mil setecientos ochenta y un pesos con sesenta y tres centavos)<\/p>\n<p>Ambas v\u00edas abarcan importantes zonas productivas del departamento con fuerte actividad agr\u00edcola e un incipiente crecimiento tur\u00edstico. Pero adem\u00e1s, en el caso de la RP 160, se trata de una ruta estrat\u00e9gica para el corredor comercial, log\u00edstico y productivo Este-Sur, que arranca en la RP 153 y la Ruta Nacional 7 en Santa Rosa.<\/p>\n<p>Este corredor permite al tr\u00e1nsito comercial que viene del este y va hacia el sur provincial ahorrar m\u00e1s de 100 kil\u00f3metros de recorrido por la RP 153, que desemboca en Monte Com\u00e1n. All\u00ed empalma con la RN 146 que llega hasta La Llave donde se encuentra con la RP 160.<\/p>\n<p>De este modo, la renovaci\u00f3n de la RP 160, permitir\u00e1 al tr\u00e1nsito comercial que viene por la RP 153 usar esta v\u00eda repavimentada para llegar en menos tiempo hasta la Ruta Nacional 143, que se conecta con la RN 144 hasta El Sosneado, y se encuentra con la RN 40 rumbo a Malarg\u00fce, reforzando el corredor bioce\u00e1nico Este-Sur de Mendoza y conectando ambos oasis desde Santa Rosa hasta Malarg\u00fce.<\/p>\n","protected":false},"excerpt":{"rendered":"<p>Lo anunci\u00f3 el gobernador Alfredo Cornejo. Se trata de la RP 160 y la 177, cuya financiaci\u00f3n va por fuera del &#8230;<\/p>\n","protected":false},"author":7,"featured_media":140932,"comment_status":"open","ping_status":"open","sticky":false,"template":"","format":"standard","meta":{"footnotes":""},"categories":[5],"tags":[],"class_list":["post-140931","post","type-post","status-publish","format-standard","has-post-thumbnail","hentry","category-actualidad"],"_links":{"self":[{"href":"https:\/\/vinasfm.com\/noticias\/wp-json\/wp\/v2\/posts\/140931","targetHints":{"allow":["GET"]}}],"collection":[{"href":"https:\/\/vinasfm.com\/noticias\/wp-json\/wp\/v2\/posts"}],"about":[{"href":"https:\/\/vinasfm.com\/noticias\/wp-json\/wp\/v2\/types\/post"}],"author":[{"embeddable":true,"href":"https:\/\/vinasfm.com\/noticias\/wp-json\/wp\/v2\/users\/7"}],"replies":[{"embeddable":true,"href":"https:\/\/vinasfm.com\/noticias\/wp-json\/wp\/v2\/comments?post=140931"}],"version-history":[{"count":1,"href":"https:\/\/vinasfm.com\/noticias\/wp-json\/wp\/v2\/posts\/140931\/revisions"}],"predecessor-version":[{"id":140933,"href":"https:\/\/vinasfm.com\/noticias\/wp-json\/wp\/v2\/posts\/140931\/revisions\/140933"}],"wp:featuredmedia":[{"embeddable":true,"href":"https:\/\/vinasfm.com\/noticias\/wp-json\/wp\/v2\/media\/140932"}],"wp:attachment":[{"href":"https:\/\/vinasfm.com\/noticias\/wp-json\/wp\/v2\/media?parent=140931"}],"wp:term":[{"taxonomy":"category","embeddable":true,"href":"https:\/\/vinasfm.com\/noticias\/wp-json\/wp\/v2\/categories?post=140931"},{"taxonomy":"post_tag","embeddable":true,"href":"https:\/\/vinasfm.com\/noticias\/wp-json\/wp\/v2\/tags?post=140931"}],"curies":[{"name":"wp","href":"https:\/\/api.w.org\/{rel}","templated":true}]}}